{"id":124705,"date":"2021-01-25T09:01:00","date_gmt":"2021-01-25T08:01:00","guid":{"rendered":"http:\/\/www.tucomarca.com\/wordpress\/segunda\/?p=124705"},"modified":"2021-01-25T22:17:49","modified_gmt":"2021-01-25T21:17:49","slug":"el-mercado-municipal-de-utiel-retoma-su-actividad-delimitando-accesos","status":"publish","type":"post","link":"https:\/\/www.tucomarca.com\/wordpress\/segunda\/el-mercado-municipal-de-utiel-retoma-su-actividad-delimitando-accesos\/","title":{"rendered":"El Mercado Municipal de Utiel retoma su actividad delimitando accesos"},"content":{"rendered":"\n<h4 class=\"wp-block-heading\">Entrada y salida controlada por Avenidas Julio L\u00f3pez Tar\u00edn y Madrid<\/h4>\n\n\n\n<p>El Mercado Municipal de Utiel retomar\u00e1 su actividad comercial el pr\u00f3ximo mi\u00e9rcoles, 27 de enero, delimitando la entrada y salida por las Avenidas Julio L\u00f3pez Tar\u00edn y Madrid.&nbsp;<\/p>\n\n\n\n<p>Tanto los accesos a los puestos ubicados en exterior como los del propio edificio del mercado municipal estar\u00e1n controlados para verificar que se cumplen los protocolos de higiene y seguridad establecidos por las administraciones sanitarias. En los puntos de control de entrada y salida se comprobar\u00e1 la temperatura de los usuarios y se dispensar\u00e1 gel hidroalcoh\u00f3lico.&nbsp;<\/p>\n\n\n\n<p>Del mismo modo, se vigilar\u00e1n los espacios y v\u00edas del mercado municipal para evitar la aglomeraci\u00f3n y concentraci\u00f3n de personas en cumplimiento de la normativa establecida que obliga a mantener la distancia interpersonal y a limitar a un m\u00e1ximo 2 personas las reuniones en espacios de uso p\u00fablico tanto cerrados como al aire libre, salvo que se trate de personas convivientes.&nbsp;<\/p>\n\n\n\n<p><strong>50% de aforo&nbsp;<\/strong><\/p>\n\n\n\n<p>De acuerdo a la resoluci\u00f3n del 5 de diciembre de 2020 de la Conselleria de Sanidad, en el caso de los mercados de venta no sedentaria (ambulantes) se pueden instalar hasta un m\u00e1ximo del 50% de los puestos habitualmente autorizados.&nbsp;<\/p>\n\n\n\n<p>El Ayuntamiento de Utiel recuerda a la ciudadan\u00eda que es obligatorio el uso de mascarilla, as\u00ed como mantener la distancia de seguridad m\u00ednima de 1,5 metros por lo que los usuarios deber\u00e1n solicitar los productos a los vendedores sin acceder al interior de los puestos como medida preventiva para evitar posibles contagios.<\/p>\n","protected":false},"excerpt":{"rendered":"<div class=\"mh-excerpt\">Entrada y salida controlada por Avenidas Julio L\u00f3pez Tar\u00edn y Madrid El Mercado Municipal de Utiel retomar\u00e1 su actividad comercial el pr\u00f3ximo mi\u00e9rcoles, 27 de enero, delimitando la entrada y salida por las Avenidas Julio <a class=\"mh-excerpt-more\" href=\"https:\/\/www.tucomarca.com\/wordpress\/segunda\/el-mercado-municipal-de-utiel-retoma-su-actividad-delimitando-accesos\/\" title=\"El Mercado Municipal de Utiel retoma su actividad delimitando accesos\">[+] <\/a><\/div>\n","protected":false},"author":12,"featured_media":124707,"comment_status":"open","ping_status":"open","sticky":false,"template":"","format":"standard","meta":{"footnotes":""},"categories":[119,12201,128,8,142,27,3,116,29],"tags":[11937,11938,3348,1987],"class_list":{"0":"post-124705","1":"post","2":"type-post","3":"status-publish","4":"format-standard","5":"has-post-thumbnail","7":"category-sanidad-la-comarca","8":"category-covid-19","9":"category-infraestructuras","10":"category-la-comarca","11":"category-politica-la-comarca","12":"category-requena-utiel","13":"category-seccion","14":"category-sucesos-la-comarca","15":"category-utiel","16":"tag-coronavirus","17":"tag-covid-19","18":"tag-mercado-municipal","19":"tag-utiel-requena"},"_links":{"self":[{"href":"https:\/\/www.tucomarca.com\/wordpress\/segunda\/wp-json\/wp\/v2\/posts\/124705","targetHints":{"allow":["GET"]}}],"collection":[{"href":"https:\/\/www.tucomarca.com\/wordpress\/segunda\/wp-json\/wp\/v2\/posts"}],"about":[{"href":"https:\/\/www.tucomarca.com\/wordpress\/segunda\/wp-json\/wp\/v2\/types\/post"}],"author":[{"embeddable":true,"href":"https:\/\/www.tucomarca.com\/wordpress\/segunda\/wp-json\/wp\/v2\/users\/12"}],"replies":[{"embeddable":true,"href":"https:\/\/www.tucomarca.com\/wordpress\/segunda\/wp-json\/wp\/v2\/comments?post=124705"}],"version-history":[{"count":0,"href":"https:\/\/www.tucomarca.com\/wordpress\/segunda\/wp-json\/wp\/v2\/posts\/124705\/revisions"}],"wp:featuredmedia":[{"embeddable":true,"href":"https:\/\/www.tucomarca.com\/wordpress\/segunda\/wp-json\/wp\/v2\/media\/124707"}],"wp:attachment":[{"href":"https:\/\/www.tucomarca.com\/wordpress\/segunda\/wp-json\/wp\/v2\/media?parent=124705"}],"wp:term":[{"taxonomy":"category","embeddable":true,"href":"https:\/\/www.tucomarca.com\/wordpress\/segunda\/wp-json\/wp\/v2\/categories?post=124705"},{"taxonomy":"post_tag","embeddable":true,"href":"https:\/\/www.tucomarca.com\/wordpress\/segunda\/wp-json\/wp\/v2\/tags?post=124705"}],"curies":[{"name":"wp","href":"https:\/\/api.w.org\/{rel}","templated":true}]}}