{"id":12481,"date":"2013-03-14T21:18:52","date_gmt":"2013-03-14T20:18:52","guid":{"rendered":"http:\/\/www.tucomarca.com\/wordpress\/segunda\/?p=12481"},"modified":"2013-03-14T21:18:52","modified_gmt":"2013-03-14T20:18:52","slug":"el-edil-popular-miguel-valles-deja-la-corporacion-municipal-de-bunol","status":"publish","type":"post","link":"https:\/\/www.tucomarca.com\/wordpress\/segunda\/el-edil-popular-miguel-valles-deja-la-corporacion-municipal-de-bunol\/","title":{"rendered":"El edil popular Miguel Vall\u00e9s deja la corporaci\u00f3n municipal de Bu\u00f1ol"},"content":{"rendered":"<p>Tal como ha podido saber <strong>tucomarca.com<\/strong>, el hasta la fecha concejal popular Miguel Vall\u00e9s ha presentado esta semana su renuncia al acta de edil \u00a0en el consistorio bu\u00f1olense. Seg\u00fan las fuentes consultadas, el edil ha justificado su decisi\u00f3n \u00abpor motivos personales\u00bb.<\/p>\n<p>Fuentes del partido popular de Bu\u00f1ol han mostrado su agradecimiento por \u00abtodo el buen trabajo realizado y sus esfuerzos por un Bu\u00f1ol distinto y mejor\u00bb; y han querido desearle \u00abmucha suerte en los nuevos retos y proyectos que a partir de ahora tanto en su faceta profesional como personal pueda afrontar\u00bb.<\/p>\n<p>Desde el Partido Popular han anunciado que el relevo de Miguel Vall\u00e9s en el grupo popular municipal ser\u00e1 Francisco Hern\u00e1ndez, quien previsiblemente se incorporar\u00e1 al consistorio en una pr\u00f3xima sesi\u00f3n plenaria.<\/p>\n","protected":false},"excerpt":{"rendered":"<div class=\"mh-excerpt\">Tal como ha podido saber tucomarca.com, el hasta la fecha concejal popular Miguel Vall\u00e9s ha presentado esta semana su renuncia al acta de edil \u00a0en el consistorio bu\u00f1olense. Seg\u00fan las fuentes consultadas, el edil ha <a class=\"mh-excerpt-more\" href=\"https:\/\/www.tucomarca.com\/wordpress\/segunda\/el-edil-popular-miguel-valles-deja-la-corporacion-municipal-de-bunol\/\" title=\"El edil popular Miguel Vall\u00e9s deja la corporaci\u00f3n municipal de Bu\u00f1ol\">[+] <\/a><\/div>\n","protected":false},"author":1,"featured_media":0,"comment_status":"open","ping_status":"open","sticky":false,"template":"","format":"standard","meta":{"footnotes":""},"categories":[18,8,10,142,3],"tags":[],"class_list":{"0":"post-12481","1":"post","2":"type-post","3":"status-publish","4":"format-standard","6":"category-bunol","7":"category-la-comarca","8":"category-la-hoya","9":"category-politica-la-comarca","10":"category-seccion"},"_links":{"self":[{"href":"https:\/\/www.tucomarca.com\/wordpress\/segunda\/wp-json\/wp\/v2\/posts\/12481","targetHints":{"allow":["GET"]}}],"collection":[{"href":"https:\/\/www.tucomarca.com\/wordpress\/segunda\/wp-json\/wp\/v2\/posts"}],"about":[{"href":"https:\/\/www.tucomarca.com\/wordpress\/segunda\/wp-json\/wp\/v2\/types\/post"}],"author":[{"embeddable":true,"href":"https:\/\/www.tucomarca.com\/wordpress\/segunda\/wp-json\/wp\/v2\/users\/1"}],"replies":[{"embeddable":true,"href":"https:\/\/www.tucomarca.com\/wordpress\/segunda\/wp-json\/wp\/v2\/comments?post=12481"}],"version-history":[{"count":0,"href":"https:\/\/www.tucomarca.com\/wordpress\/segunda\/wp-json\/wp\/v2\/posts\/12481\/revisions"}],"wp:attachment":[{"href":"https:\/\/www.tucomarca.com\/wordpress\/segunda\/wp-json\/wp\/v2\/media?parent=12481"}],"wp:term":[{"taxonomy":"category","embeddable":true,"href":"https:\/\/www.tucomarca.com\/wordpress\/segunda\/wp-json\/wp\/v2\/categories?post=12481"},{"taxonomy":"post_tag","embeddable":true,"href":"https:\/\/www.tucomarca.com\/wordpress\/segunda\/wp-json\/wp\/v2\/tags?post=12481"}],"curies":[{"name":"wp","href":"https:\/\/api.w.org\/{rel}","templated":true}]}}