{"id":12484,"date":"2013-03-14T21:19:19","date_gmt":"2013-03-14T20:19:19","guid":{"rendered":"http:\/\/www.tucomarca.com\/wordpress\/segunda\/?p=12484"},"modified":"2013-03-14T21:19:19","modified_gmt":"2013-03-14T20:19:19","slug":"la-diputacion-abre-las-puertas-a-600-falleros-y-falleras-de-la-provincia","status":"publish","type":"post","link":"https:\/\/www.tucomarca.com\/wordpress\/segunda\/la-diputacion-abre-las-puertas-a-600-falleros-y-falleras-de-la-provincia\/","title":{"rendered":"La Diputaci\u00f3n abre las puertas a 600 falleros y falleras de la provincia"},"content":{"rendered":"<figure id=\"attachment_12485\" aria-describedby=\"caption-attachment-12485\" style=\"width: 300px\" class=\"wp-caption alignleft\"><a href=\"https:\/\/www.tucomarca.com\/wordpress\/segunda\/wp-content\/uploads\/2013\/03\/Rus-Falleras.jpg\"><img loading=\"lazy\" decoding=\"async\" class=\"size-medium wp-image-12485\" title=\"Rus-Falleras\" src=\"https:\/\/www.tucomarca.com\/wordpress\/segunda\/wp-content\/uploads\/2013\/03\/Rus-Falleras-300x194.jpg\" alt=\"El presidente de la Diputaci\u00f3n junto a las representantes de las fallas de la provincia.\" width=\"300\" height=\"194\" srcset=\"https:\/\/www.tucomarca.com\/wordpress\/segunda\/wp-content\/uploads\/2013\/03\/Rus-Falleras-300x194.jpg 300w, https:\/\/www.tucomarca.com\/wordpress\/segunda\/wp-content\/uploads\/2013\/03\/Rus-Falleras-1024x665.jpg 1024w\" sizes=\"auto, (max-width: 300px) 100vw, 300px\" \/><\/a><figcaption id=\"caption-attachment-12485\" class=\"wp-caption-text\">El presidente de la Diputaci\u00f3n junto a las representantes de las fallas de la provincia.<\/figcaption><\/figure>\n<p>La Diputaci\u00f3nde Valencia ha ofrecido esta ma\u00f1ana su tradicional recepci\u00f3n a las comisiones falleras de la provincia, que este a\u00f1o ha contado con la presencia de unos 600 falleros y de la fallera mayor de Valencia, Bego\u00f1a Jim\u00e9nez, que ha acudido a las dependencias de la entidad provincial acompa\u00f1ada por su corte de honor.<\/p>\n<p>El presidente de la Diputaci\u00f3n de Valencia, Alfonso Rus, ha saludado a los representantes de 136 comisiones y juntas falleras, que han acudido al acto de recepci\u00f3n acompa\u00f1ados por representantes municipales y por los diputados provinciales Juan Jos\u00e9 Medina, Carlota Navarro, Amparo Mora, Isidro Prieto, Remedios Avia, Oreto Segura, Carmen J\u00e1vega, Jos\u00e9 Manuel Haro, Antoni Gaspar, Miguel Bailach, Vicente Ibor, Francisco Tarazona, Rafael P\u00e9rez, Rosa P\u00e9rez y Eva Sanz.<\/p>\n<p>La Diputaci\u00f3n, que colabora con el desarrollo de las fiestas con una subvenci\u00f3n econ\u00f3mica a las diferentes comisiones, ha obsequiado a las falleras mayores con una insignia y con el libro \u201cLas fallas de la provincia\u201d, y a las infantiles se les ha hecho entrega de un puzzle.<\/p>\n<p>Los municipios que han participado en este acto son X\u00e0tiva, Moncada, Rocafort, Quart de Poblet, Silla, Alc\u00e0sser, Alc\u00fadia, Aldaia, Chiva, Faura, L\u2019Eliana, Massamagrell, Paiporta, Ribarroja, Sedav\u00ed, Albal, Villanueva de Castell\u00f3n, Benet\u00fasser, Cheste, Manises, Alaqu\u00e0s, Vilamarxant, Alfafar, Tur\u00eds, Picassent, Catarroja, Sagunto, Manises, La Pobla Llarga, La Pobla de Vallbona, Massanassa, Albalat dels Sorells, Alfara del Patriarca, Pu\u00e7ol, Alm\u00e0ssera, Museros, Foios, Casinos, Benaguasil, Torrent, La Llosa de Ranes y la ciudad de Valencia.<\/p>\n<p>&nbsp;<\/p>\n","protected":false},"excerpt":{"rendered":"<div class=\"mh-excerpt\">La Diputaci\u00f3nde Valencia ha ofrecido esta ma\u00f1ana su tradicional recepci\u00f3n a las comisiones falleras de la provincia, que este a\u00f1o ha contado con la presencia de unos 600 falleros y de la fallera mayor de <a class=\"mh-excerpt-more\" href=\"https:\/\/www.tucomarca.com\/wordpress\/segunda\/la-diputacion-abre-las-puertas-a-600-falleros-y-falleras-de-la-provincia\/\" title=\"La Diputaci\u00f3n abre las puertas a 600 falleros y falleras de la provincia\">[+] <\/a><\/div>\n","protected":false},"author":1,"featured_media":12485,"comment_status":"open","ping_status":"open","sticky":false,"template":"","format":"standard","meta":{"footnotes":""},"categories":[46,16,177,10,5,47,383,182,3,45],"tags":[],"class_list":{"0":"post-12484","1":"post","2":"type-post","3":"status-publish","4":"format-standard","5":"has-post-thumbnail","7":"category-camp-de-turia","8":"category-chiva","9":"category-leliana","10":"category-la-hoya","11":"category-la-semana-en-imagenes","12":"category-lliria","13":"category-pueblos-en-fiestas","14":"category-riba-roja","15":"category-seccion","16":"category-ventana"},"_links":{"self":[{"href":"https:\/\/www.tucomarca.com\/wordpress\/segunda\/wp-json\/wp\/v2\/posts\/12484","targetHints":{"allow":["GET"]}}],"collection":[{"href":"https:\/\/www.tucomarca.com\/wordpress\/segunda\/wp-json\/wp\/v2\/posts"}],"about":[{"href":"https:\/\/www.tucomarca.com\/wordpress\/segunda\/wp-json\/wp\/v2\/types\/post"}],"author":[{"embeddable":true,"href":"https:\/\/www.tucomarca.com\/wordpress\/segunda\/wp-json\/wp\/v2\/users\/1"}],"replies":[{"embeddable":true,"href":"https:\/\/www.tucomarca.com\/wordpress\/segunda\/wp-json\/wp\/v2\/comments?post=12484"}],"version-history":[{"count":0,"href":"https:\/\/www.tucomarca.com\/wordpress\/segunda\/wp-json\/wp\/v2\/posts\/12484\/revisions"}],"wp:featuredmedia":[{"embeddable":true,"href":"https:\/\/www.tucomarca.com\/wordpress\/segunda\/wp-json\/wp\/v2\/media\/12485"}],"wp:attachment":[{"href":"https:\/\/www.tucomarca.com\/wordpress\/segunda\/wp-json\/wp\/v2\/media?parent=12484"}],"wp:term":[{"taxonomy":"category","embeddable":true,"href":"https:\/\/www.tucomarca.com\/wordpress\/segunda\/wp-json\/wp\/v2\/categories?post=12484"},{"taxonomy":"post_tag","embeddable":true,"href":"https:\/\/www.tucomarca.com\/wordpress\/segunda\/wp-json\/wp\/v2\/tags?post=12484"}],"curies":[{"name":"wp","href":"https:\/\/api.w.org\/{rel}","templated":true}]}}