{"id":124903,"date":"2021-01-27T21:21:00","date_gmt":"2021-01-27T20:21:00","guid":{"rendered":"http:\/\/www.tucomarca.com\/wordpress\/segunda\/?p=124903"},"modified":"2021-01-27T21:41:58","modified_gmt":"2021-01-27T20:41:58","slug":"las-aldeas-de-requena-comienzan-a-recuperar-poblacion","status":"publish","type":"post","link":"https:\/\/www.tucomarca.com\/wordpress\/segunda\/las-aldeas-de-requena-comienzan-a-recuperar-poblacion\/","title":{"rendered":"Las aldeas de Requena comienzan a recuperar poblaci\u00f3n"},"content":{"rendered":"\n<p>Despu\u00e9s de una continua p\u00e9rdida de poblaci\u00f3n de las pedan\u00edas requenenses en mayor medida que la de la urbe, parece que, seg\u00fan las estad\u00edsticas del INE a fecha 1\/1\/2020, en el 2019 se ha producido un ligero punto de inflexi\u00f3n en algunas aldeas. Quiz\u00e1s sea el redescubrimiento de una calidad de vida mejor que en las ciudades, un cambio de moral o un cambio en el sistema de producci\u00f3n de nuevas bodegas y negocios dirigidos por j\u00f3venes empresarios.<\/p>\n\n\n\n<p><strong>No todas las aldeas han sufrido este cambio de igual manera en 2019.&nbsp;<\/strong><\/p>\n\n\n\n<p>Seg\u00fan datos del Partido de Requena y Aldeas, destacan por su crecimiento: las pedan\u00edas de Los Cojos 10 hab, (11,76%), Barrio Arroyo 9 hab. (11,69%), Casas de Eufemia 8 hab. (7,41%), Campo Arc\u00eds 26 hab. (6,85%), El Pont\u00f3n 21 hab.&nbsp; (5%).<\/p>\n\n\n\n<p>Crecen poco o son estables: San Antonio (15), San Juan (3), Los Pedrones (6), La Portera (4) , El Azagador (0), El Derramador (0), Casas del R\u00edo (0). Las Nogueras (1), Pen\u00e9n (1), Roma (2), La Ca\u00f1ada (1), Villar de Olmos (0).<\/p>\n\n\n\n<p>Decrecen ligeramente Calder\u00f3n (-1), Casas de Soto (-1), El Rebollar (-5), Hortunas (-3), Los Duques (-4), Los Isidros (-7), Los Ruices (-5).<br>El total de habitantes en las pedan\u00edas pasa de 4175 a 4252, produci\u00e9ndose un aumento de 77 habitantes, cosa que no se repet\u00eda desde 2012, cuando en conjunto llegaron a 4594 hab., un crecimiento de 1,85%.<br>Mientras, Requena ciudad crece de 16117 a 16189 hab., 74 hab., a un ritmo de tan s\u00f3lo un 0,46%, y San Antonio crece de 1795 a 1810, 15 hab., un 0,83%.<br>Las aldeas menores, sin San Antonio, pasan de 2380 a 2442 hab., crecen 62 hab., un 2,61%.<br>Y como caso excepcional, El Pont\u00f3n ha doblado su poblaci\u00f3n desde 2007, mientras los dem\u00e1s decrec\u00edan, pasando de 211 a 437 hab., aumentan en 226, que es un 107%,&nbsp; a 1 de enero de 2020.<\/p>\n\n\n\n<p>Seguro que todos hemos observado como durante la pandemia (estas estad\u00edsticas a\u00fan no reflejan el a\u00f1o 2020) \u201cel fuerte incremento de compra de casas en las aldeas y pueblos, lo que parece apreciar este fuerte inter\u00e9s a volver vivir en nuestro mundo rural \u201c afirman desde la formaci\u00f3n pol\u00edtica de \u00e1mbito municipal. \u201cAs\u00ed que -a\u00f1aden- esperamos con ilusi\u00f3n los nuevos datos poblacionales de 2020. Si adem\u00e1s de esta ilusi\u00f3n, las autoridades consintiesen en aportar su granito de arena en la mejora del entorno de nuestras pedan\u00edas y patrimonio en general, quiz\u00e1s nuestro municipio podr\u00eda lograr un vuelco generacional positivo por fin\u201d. Informa, <strong>Luis Ib\u00e1\u00f1ez.<\/strong><\/p>\n","protected":false},"excerpt":{"rendered":"<div class=\"mh-excerpt\">Despu\u00e9s de una continua p\u00e9rdida de poblaci\u00f3n de las pedan\u00edas requenenses en mayor medida que la de la urbe, parece que, seg\u00fan las estad\u00edsticas del INE a fecha 1\/1\/2020, en el 2019 se ha producido <a class=\"mh-excerpt-more\" href=\"https:\/\/www.tucomarca.com\/wordpress\/segunda\/las-aldeas-de-requena-comienzan-a-recuperar-poblacion\/\" title=\"Las aldeas de Requena comienzan a recuperar poblaci\u00f3n\">[+] <\/a><\/div>\n","protected":false},"author":12,"featured_media":124905,"comment_status":"open","ping_status":"open","sticky":false,"template":"","format":"standard","meta":{"footnotes":""},"categories":[112,128,8,117,28,27,140,3],"tags":[10411,10388,7576,10387],"class_list":{"0":"post-124903","1":"post","2":"type-post","3":"status-publish","4":"format-standard","5":"has-post-thumbnail","7":"category-campo-arcis","8":"category-infraestructuras","9":"category-la-comarca","10":"category-medio-ambiente-la-comarca","11":"category-requena","12":"category-requena-utiel","13":"category-san-antonio","14":"category-seccion","15":"tag-campo-arcis","16":"tag-requena","17":"tag-requena-y-aldeas","18":"tag-requena-utiel"},"_links":{"self":[{"href":"https:\/\/www.tucomarca.com\/wordpress\/segunda\/wp-json\/wp\/v2\/posts\/124903","targetHints":{"allow":["GET"]}}],"collection":[{"href":"https:\/\/www.tucomarca.com\/wordpress\/segunda\/wp-json\/wp\/v2\/posts"}],"about":[{"href":"https:\/\/www.tucomarca.com\/wordpress\/segunda\/wp-json\/wp\/v2\/types\/post"}],"author":[{"embeddable":true,"href":"https:\/\/www.tucomarca.com\/wordpress\/segunda\/wp-json\/wp\/v2\/users\/12"}],"replies":[{"embeddable":true,"href":"https:\/\/www.tucomarca.com\/wordpress\/segunda\/wp-json\/wp\/v2\/comments?post=124903"}],"version-history":[{"count":0,"href":"https:\/\/www.tucomarca.com\/wordpress\/segunda\/wp-json\/wp\/v2\/posts\/124903\/revisions"}],"wp:featuredmedia":[{"embeddable":true,"href":"https:\/\/www.tucomarca.com\/wordpress\/segunda\/wp-json\/wp\/v2\/media\/124905"}],"wp:attachment":[{"href":"https:\/\/www.tucomarca.com\/wordpress\/segunda\/wp-json\/wp\/v2\/media?parent=124903"}],"wp:term":[{"taxonomy":"category","embeddable":true,"href":"https:\/\/www.tucomarca.com\/wordpress\/segunda\/wp-json\/wp\/v2\/categories?post=124903"},{"taxonomy":"post_tag","embeddable":true,"href":"https:\/\/www.tucomarca.com\/wordpress\/segunda\/wp-json\/wp\/v2\/tags?post=124903"}],"curies":[{"name":"wp","href":"https:\/\/api.w.org\/{rel}","templated":true}]}}