{"id":124911,"date":"2021-01-27T09:00:00","date_gmt":"2021-01-27T08:00:00","guid":{"rendered":"http:\/\/www.tucomarca.com\/wordpress\/segunda\/?p=124911"},"modified":"2021-01-27T21:27:11","modified_gmt":"2021-01-27T20:27:11","slug":"la-conselleria-de-sanidad-insta-al-departamento-de-salud-de-manises-a-reagrupar-la-asistencia-y-los-recursos-en-sus-centros","status":"publish","type":"post","link":"https:\/\/www.tucomarca.com\/wordpress\/segunda\/la-conselleria-de-sanidad-insta-al-departamento-de-salud-de-manises-a-reagrupar-la-asistencia-y-los-recursos-en-sus-centros\/","title":{"rendered":"La Conselleria de Sanidad insta al Departamento de Salud de Manises a reagrupar la asistencia y los recursos en sus centros"},"content":{"rendered":"\n<p>El Departamento de Salud de Manises, durante la tercera ola de la pandemia del Covid-19 comunica que est\u00e1 \u00abtrabajando, bajo las indicaciones de la Conselleria de Sanidad y Salud P\u00fablica, en la gesti\u00f3n de la crisis sanitaria en la que nos encontramos, una crisis que como ha se\u00f1alado la propia consellera de Sanitat no tiene precedentes\u00bb.<\/p>\n\n\n\n<p>\u00abAnte el aumento de contagios en la poblaci\u00f3n en general y en los profesionales sanitarios, la Conselleria de Sanidad inst\u00f3 a los distintos departamentos de salud a reagrupar la asistencia y los recursos en centros de cabecera ante la evoluci\u00f3n epidemiol\u00f3gica. Por ello y para cumplir con las instrucciones de las autoridades sanitarias, desde el Departamento de Salud de Manises se ha reorganizado la plantilla de los distintos centros sanitarios para cubrir con la mayor calidad y seguridad la asistencia de la poblaci\u00f3n protegida\u00bb.<\/p>\n\n\n\n<p>Por lo tanto, desde el Departamento de Salud de Manises \u00abcontinuamos trabajando para mantener el nivel de atenci\u00f3n que nuestros pacientes necesitan, teniendo en cuenta las directrices de Conselleria en todo momento, como venimos haciendo desde el principio de la pandemia. De este modo:\u00a0<\/p>\n\n\n\n<ul class=\"wp-block-list\"><li>Se <a href=\"https:\/\/www.hospitalmanises.es\/el-hospital-de-manises-refuerza-un-76-la-plantilla-durante-la-covid-19-para-garantizar-la-calidad-asistencial\/\">reforzaron las plantillas para atender a la poblaci\u00f3n<\/a> y <a href=\"https:\/\/www.levante-emv.com\/horta\/2020\/08\/06\/manises-refuerza-atencion-primaria-27\/2038922.html\">los profesionales llegaron incluso a doblar turnos para ayudar a otros compa\u00f1eros<\/a>.&nbsp;<\/li><\/ul>\n\n\n\n<ul class=\"wp-block-list\"><li>Se crearon <a href=\"https:\/\/www.hospitalmanises.es\/cambia-tu-cita\/dudas-de-tu-cita-con-el-especialista\/\">medios digitales<\/a> (v\u00eda web y v\u00eda smartphone) para agilizar la atenci\u00f3n telef\u00f3nica a la poblaci\u00f3n, cuando Conselleria aconsej\u00f3 que se priorizara la atenci\u00f3n telef\u00f3nica y donde los datos (<a href=\"https:\/\/www.hospitalmanises.es\/departamento-salud-manises-apuesta-la-tecnologia-la-atencion-sanitaria\/\">m\u00e1s de 33.000 formularios recibidos hasta 15\/01\/2021<\/a>)<\/li><\/ul>\n\n\n\n<ul class=\"wp-block-list\"><li><a href=\"http:\/\/hoyunclick.es\/el-departamento-de-salud-de-manises-refuerza-la-ruta-de-autobus-para-mejorar-la-accesibilidad-a-los-centros-sanitarios-y-entre-los-municipios-del-area\">Reforzamos la l\u00ednea de autob\u00fas<\/a> (subvencionado por el propio Departamento) entre Hospital y La Hoya para reducir distancias y habilitarlo como medio de transporte entre poblaciones de La Hoya.<\/li><\/ul>\n\n\n\n<ul class=\"wp-block-list\"><li>Se han creado p\u00edldoras audiovisuales en el <a href=\"https:\/\/www.youtube.com\/c\/HospitaldeManises-VLC\/playlists\">canal de YouTube<\/a> para facilitar la atenci\u00f3n y rehabilitaci\u00f3n de pacientes, para resolver dudas de pacientes que no admiten demoras (embarazadas) y hasta charlas grupales online para este mismo colectivo de embarazadas para resolver dudas previas al parto.&nbsp;<br><\/li><li>El <a href=\"https:\/\/www.hospitalmanises.es\/manises-habilita-call-center-respondiendo-al-97-las-llamadas-entrantes-tiempo-espera-20-segundos\/\">Call Center piloto<\/a>, ha sido una iniciativa puesta en marcha&nbsp; por el propio Departamento de Salud de Manises. Puede aplicarse a otros municipios y esa es la intenci\u00f3n, sin olvidar la conveniencia de hacerlo con las garant\u00edas de un adecuado funcionamiento y servicio a la poblaci\u00f3n.&nbsp;<\/li><\/ul>\n\n\n\n<p>Todas estas actuaciones se han realizado, como se ha indicado, siguiendo las directrices y aprobaci\u00f3n de la Conselleria de Sanitat y buscando siempre garantizar la mejor atenci\u00f3n a la poblaci\u00f3n de todos los municipios, en un momento en el que se precisa la unidad de todos los estamentos sociales\u00bb, han finalizado.\u00a0<\/p>\n","protected":false},"excerpt":{"rendered":"<div class=\"mh-excerpt\">El Departamento de Salud de Manises, durante la tercera ola de la pandemia del Covid-19 comunica que est\u00e1 \u00abtrabajando, bajo las indicaciones de la Conselleria de Sanidad y Salud P\u00fablica, en la gesti\u00f3n de la <a class=\"mh-excerpt-more\" href=\"https:\/\/www.tucomarca.com\/wordpress\/segunda\/la-conselleria-de-sanidad-insta-al-departamento-de-salud-de-manises-a-reagrupar-la-asistencia-y-los-recursos-en-sus-centros\/\" title=\"La Conselleria de Sanidad insta al Departamento de Salud de Manises a reagrupar la asistencia y los recursos en sus centros\">[+] <\/a><\/div>\n","protected":false},"author":12,"featured_media":117191,"comment_status":"open","ping_status":"open","sticky":false,"template":"","format":"standard","meta":{"footnotes":""},"categories":[19,18,46,119,17,16,12201,14,128,8,72,10,42,178,13,142,182,3,116,43,45,11],"tags":[10635,11937,11938,11478,136],"class_list":{"0":"post-124911","1":"post","2":"type-post","3":"status-publish","4":"format-standard","5":"has-post-thumbnail","7":"category-alborache","8":"category-bunol","9":"category-camp-de-turia","10":"category-sanidad-la-comarca","11":"category-cheste","12":"category-chiva","13":"category-covid-19","14":"category-godelleta","15":"category-infraestructuras","16":"category-la-comarca","17":"category-sin-categorizar","18":"category-la-hoya","19":"category-la-ribera","20":"category-loriguilla","21":"category-macastre","22":"category-politica-la-comarca","23":"category-riba-roja","24":"category-seccion","25":"category-sucesos-la-comarca","26":"category-turis","27":"category-ventana","28":"category-yatova","29":"tag-conselleria-de-sanitat","30":"tag-coronavirus","31":"tag-covid-19","32":"tag-departamento-de-salud-de-manises","33":"tag-hospital-de-manises"},"_links":{"self":[{"href":"https:\/\/www.tucomarca.com\/wordpress\/segunda\/wp-json\/wp\/v2\/posts\/124911","targetHints":{"allow":["GET"]}}],"collection":[{"href":"https:\/\/www.tucomarca.com\/wordpress\/segunda\/wp-json\/wp\/v2\/posts"}],"about":[{"href":"https:\/\/www.tucomarca.com\/wordpress\/segunda\/wp-json\/wp\/v2\/types\/post"}],"author":[{"embeddable":true,"href":"https:\/\/www.tucomarca.com\/wordpress\/segunda\/wp-json\/wp\/v2\/users\/12"}],"replies":[{"embeddable":true,"href":"https:\/\/www.tucomarca.com\/wordpress\/segunda\/wp-json\/wp\/v2\/comments?post=124911"}],"version-history":[{"count":0,"href":"https:\/\/www.tucomarca.com\/wordpress\/segunda\/wp-json\/wp\/v2\/posts\/124911\/revisions"}],"wp:featuredmedia":[{"embeddable":true,"href":"https:\/\/www.tucomarca.com\/wordpress\/segunda\/wp-json\/wp\/v2\/media\/117191"}],"wp:attachment":[{"href":"https:\/\/www.tucomarca.com\/wordpress\/segunda\/wp-json\/wp\/v2\/media?parent=124911"}],"wp:term":[{"taxonomy":"category","embeddable":true,"href":"https:\/\/www.tucomarca.com\/wordpress\/segunda\/wp-json\/wp\/v2\/categories?post=124911"},{"taxonomy":"post_tag","embeddable":true,"href":"https:\/\/www.tucomarca.com\/wordpress\/segunda\/wp-json\/wp\/v2\/tags?post=124911"}],"curies":[{"name":"wp","href":"https:\/\/api.w.org\/{rel}","templated":true}]}}