{"id":124954,"date":"2021-01-28T09:00:00","date_gmt":"2021-01-28T08:00:00","guid":{"rendered":"http:\/\/www.tucomarca.com\/wordpress\/segunda\/?p=124954"},"modified":"2021-01-28T22:19:46","modified_gmt":"2021-01-28T21:19:46","slug":"el-sector-apicola-de-la-comunitat-presenta-al-consell-un-plan-de-viabilidad-para-evitar-la-desaparicion-del-sector%e2%80%a8","status":"publish","type":"post","link":"https:\/\/www.tucomarca.com\/wordpress\/segunda\/el-sector-apicola-de-la-comunitat-presenta-al-consell-un-plan-de-viabilidad-para-evitar-la-desaparicion-del-sector%e2%80%a8\/","title":{"rendered":"El sector ap\u00edcola de la Comunitat presenta al Consell un plan de viabilidad para evitar la desaparici\u00f3n del sector\u2028"},"content":{"rendered":"\n<p>Tras la movilizaci\u00f3n del sector ap\u00edcola del d\u00eda 6 de noviembre de 2020 en una camionada sin precedentes en la ciudad de Valencia, y siguiendo con las iniciativas encaminadas a transmitirle a la Conselleria de Agricultura y al Govern Valenci\u00e0 los motivos de la crisis de este sector, las organizaciones agrarias y las asociaciones representativas del sector ap\u00edcola valenciano han hecho llegar sus reivindicaciones mediante la entrega del Plan de Viabilidad de la Apicultura Valenciana a la Consellera de Agricultura, Mireia Moll\u00e0; el Secretario Auton\u00f3mico, Roger Llanes; y el Director General de Agricultura, y Desarrollo Rural, David Torres.<\/p>\n\n\n\n<p>Este documento recoge los puntos clave sobre los que se tiene que actuar de inmediato para que la apicultura no desaparezca en la Comunitat Valenciana.\u2028<\/p>\n\n\n\n<p>En este sentido y seg\u00fan la Coordinadora Campesina del Pa\u00eds Valenciano -COAG- este sector arrastra \u201cuna crisis sanitaria, medioambiental y burocr\u00e1tica desde hace varios a\u00f1os\u201d a la que se quiere dar soluci\u00f3n con la propuesta de medidas encaminadas a:<\/p>\n\n\n\n<ul class=\"wp-block-list\"><li>Eliminar la normativa que impide el asentamiento de colmenas en \u00e9poca de floraci\u00f3n de c\u00edtricos en la Comunitat Valenciana. (Pinyol\u00e0).<\/li><li>Apoyo y promoci\u00f3n de la investigaci\u00f3n relacionada con la sanidad ap\u00edcola.<\/li><li>Inclusi\u00f3n de las ayudas agroambientales a la apicultura en el pr\u00f3ximo Plan Estrat\u00e9gico Territorial dentro del Marco Nacional del Programa de Desarrollo Rural para el periodo 2021-2027, con fondos equiparables al resto de Comunidades Aut\u00f3nomas.<\/li><li>Establecer m\u00e1s controles sobre el correcto uso de los productos fitosanitarios en floraci\u00f3n para evitar la mortandad de abejas.Por otro lado, se solicita a la autoridad auton\u00f3mica que realice controles m\u00e1s exhaustivos para que la miel de importaci\u00f3n cumpla los mismos requisitos que se les obliga cumplir al productor nacional. Informa, <strong>Luis Ib\u00e1\u00f1ez<\/strong>.<\/li><\/ul>\n","protected":false},"excerpt":{"rendered":"<div class=\"mh-excerpt\">Tras la movilizaci\u00f3n del sector ap\u00edcola del d\u00eda 6 de noviembre de 2020 en una camionada sin precedentes en la ciudad de Valencia, y siguiendo con las iniciativas encaminadas a transmitirle a la Conselleria de <a class=\"mh-excerpt-more\" href=\"https:\/\/www.tucomarca.com\/wordpress\/segunda\/el-sector-apicola-de-la-comunitat-presenta-al-consell-un-plan-de-viabilidad-para-evitar-la-desaparicion-del-sector%e2%80%a8\/\" title=\"El sector ap\u00edcola de la Comunitat presenta al Consell un plan de viabilidad para evitar la desaparici\u00f3n del sector\u2028\">[+] <\/a><\/div>\n","protected":false},"author":12,"featured_media":124961,"comment_status":"open","ping_status":"open","sticky":false,"template":"","format":"standard","meta":{"footnotes":""},"categories":[49,169,38,46,128,70,8,72,10,42,59,117,142,27,3,116,45],"tags":[12978,12855,13683],"class_list":{"0":"post-124954","1":"post","2":"type-post","3":"status-publish","4":"format-standard","5":"has-post-thumbnail","7":"category-ademuz","8":"category-agricultura-la-comarca","9":"category-ayora-cofrentes","10":"category-camp-de-turia","11":"category-infraestructuras","12":"category-la-canal-de-navarres","13":"category-la-comarca","14":"category-sin-categorizar","15":"category-la-hoya","16":"category-la-ribera","17":"category-los-serranos","18":"category-medio-ambiente-la-comarca","19":"category-politica-la-comarca","20":"category-requena-utiel","21":"category-seccion","22":"category-sucesos-la-comarca","23":"category-ventana","24":"tag-apicultura","25":"tag-conselleria-de-agricultura","26":"tag-plan-de-viabilidad-de-la-apicultura-valenciana"},"_links":{"self":[{"href":"https:\/\/www.tucomarca.com\/wordpress\/segunda\/wp-json\/wp\/v2\/posts\/124954","targetHints":{"allow":["GET"]}}],"collection":[{"href":"https:\/\/www.tucomarca.com\/wordpress\/segunda\/wp-json\/wp\/v2\/posts"}],"about":[{"href":"https:\/\/www.tucomarca.com\/wordpress\/segunda\/wp-json\/wp\/v2\/types\/post"}],"author":[{"embeddable":true,"href":"https:\/\/www.tucomarca.com\/wordpress\/segunda\/wp-json\/wp\/v2\/users\/12"}],"replies":[{"embeddable":true,"href":"https:\/\/www.tucomarca.com\/wordpress\/segunda\/wp-json\/wp\/v2\/comments?post=124954"}],"version-history":[{"count":0,"href":"https:\/\/www.tucomarca.com\/wordpress\/segunda\/wp-json\/wp\/v2\/posts\/124954\/revisions"}],"wp:featuredmedia":[{"embeddable":true,"href":"https:\/\/www.tucomarca.com\/wordpress\/segunda\/wp-json\/wp\/v2\/media\/124961"}],"wp:attachment":[{"href":"https:\/\/www.tucomarca.com\/wordpress\/segunda\/wp-json\/wp\/v2\/media?parent=124954"}],"wp:term":[{"taxonomy":"category","embeddable":true,"href":"https:\/\/www.tucomarca.com\/wordpress\/segunda\/wp-json\/wp\/v2\/categories?post=124954"},{"taxonomy":"post_tag","embeddable":true,"href":"https:\/\/www.tucomarca.com\/wordpress\/segunda\/wp-json\/wp\/v2\/tags?post=124954"}],"curies":[{"name":"wp","href":"https:\/\/api.w.org\/{rel}","templated":true}]}}