{"id":124990,"date":"2021-01-28T18:00:00","date_gmt":"2021-01-28T17:00:00","guid":{"rendered":"http:\/\/www.tucomarca.com\/wordpress\/segunda\/?p=124990"},"modified":"2021-01-28T22:38:01","modified_gmt":"2021-01-28T21:38:01","slug":"fallece-el-exalcalde-de-millares-d-jose-perez-saez","status":"publish","type":"post","link":"https:\/\/www.tucomarca.com\/wordpress\/segunda\/fallece-el-exalcalde-de-millares-d-jose-perez-saez\/","title":{"rendered":"Fallece el exalcalde de Millares D. Jos\u00e9 P\u00e9rez S\u00e1ez"},"content":{"rendered":"\n<h4 class=\"wp-block-heading\"><strong>Mediante un obituario escrito por el Cronista Oficial de Millares, Fidel P\u00e9rez Barber\u00e1, la poblaci\u00f3n de Millares despide a quien fuera su alcalde desde 1974 a 1979, D. Jos\u00e9 P\u00e9rez S\u00e1ez<\/strong><\/h4>\n\n\n\n<p>\u00abNos ha dejado Jos\u00e9 P\u00e9rez S\u00e1ez. El luctuoso suceso ha tenido lugar hoy, 27 de enero de 2021, tras producirse un r\u00e1pido empeoramiento en su delicado estado de salud.<\/p>\n\n\n\n<p>Jos\u00e9 P\u00e9rez vino al mundo el d\u00eda 23 de diciembre del a\u00f1o 1934, por lo que actualmente contaba con 86 a\u00f1os de edad.<\/p>\n\n\n\n<p>De \u00e9l cabe destacar, en el plano de lo p\u00fablico, que fue alcalde de la localidad de Millares desde el mes de enero de 1974 hasta la llegada de las primeras elecciones democr\u00e1ticas a las Corporaciones Municipales en el a\u00f1o 1979. A lo largo de este periodo en la alcald\u00eda de la localidad, es de destacar el empe\u00f1o, tanto suyo como del resto de concejales, para dar por finalizadas las obras de construcci\u00f3n de la tan ansiada carretera de Millares a Dos Aguas, as\u00ed como el inicio de los tr\u00e1mites administrativos para la primera gran reforma integral del edificio de las escuelas p\u00fablicas. Defendi\u00f3 con ah\u00ednco los intereses del vecindario solicitando la modificaci\u00f3n de los lindes de la Reserva Nacional de Caza, que tanta oposici\u00f3n gener\u00f3 entre los due\u00f1os de parcelas agr\u00edcolas en el secano, adem\u00e1s de realizarse durante su mandato m\u00faltiples obras de mejora y reparaci\u00f3n en el pavimento de calles y plazas y embellecimiento general de la localidad. Fue tambi\u00e9n durante su mandato cuando se levant\u00f3 la nueva factor\u00eda \u201cLois\u201d, que tanto contribuy\u00f3 al auge econ\u00f3mico de Millares.<\/p>\n\n\n\n<p>Persona de car\u00e1cter afable y conciliador, siempre dispon\u00eda de un momento para escuchar a los vecinos y atenderles en sus quejas. Ello le granje\u00f3 el aprecio general de la gente, a pesar de no haber sido designado para el cargo, por medio de ninguna elecci\u00f3n en la que votase la ciudadan\u00eda.<\/p>\n\n\n\n<p>En el plano personal, es de destacar la gran labor realizada en la gesti\u00f3n del horno de le\u00f1a de su propiedad; horno que, para distinguirlo del otro que hab\u00eda en el pueblo, era denominado \u201cHorno de Abajo\u201d (en otro tiempo llamado \u201cHorno del Se\u00f1or\u201d). All\u00ed siempre cont\u00f3 con la colaboraci\u00f3n de su mujer, Mar\u00eda Dolores, y de sus dos hijos, Loli y Jos\u00e9, para elaborar sus magn\u00edficas especialidades de tortas de aceite y sal y de su excelente surtido de productos de reposter\u00eda. Aqu\u00ed, en este horno, trabaj\u00f3 hasta que le lleg\u00f3 la edad reglamentaria para su jubilaci\u00f3n.<\/p>\n\n\n\n<p>Por todo ello, su desaparici\u00f3n ha causado hondo pesar entre la poblaci\u00f3n, y el Ayuntamiento ha decretado luto oficial los d\u00edas 28, 29 y 30 del presente mes como muestra de dolor, cari\u00f1o, respeto y homenaje a su figura, as\u00ed como mostrar la condolencia, dolor y cari\u00f1o del municipio a los familiares de este exalcalde de Millares\u00bb.<\/p>\n\n\n\n<p>Descanse en paz.&nbsp;<\/p>\n\n\n\n<p><strong>Fidel P\u00e9rez Barber\u00e1. <\/strong>Cronista Oficial de Millares<\/p>\n","protected":false},"excerpt":{"rendered":"<div class=\"mh-excerpt\">Mediante un obituario escrito por el Cronista Oficial de Millares, Fidel P\u00e9rez Barber\u00e1, la poblaci\u00f3n de Millares despide a quien fuera su alcalde desde 1974 a 1979, D. Jos\u00e9 P\u00e9rez S\u00e1ez \u00abNos ha dejado Jos\u00e9 <a class=\"mh-excerpt-more\" href=\"https:\/\/www.tucomarca.com\/wordpress\/segunda\/fallece-el-exalcalde-de-millares-d-jose-perez-saez\/\" title=\"Fallece el exalcalde de Millares D. Jos\u00e9 P\u00e9rez S\u00e1ez\">[+] <\/a><\/div>\n","protected":false},"author":12,"featured_media":124992,"comment_status":"open","ping_status":"open","sticky":false,"template":"","format":"standard","meta":{"footnotes":""},"categories":[70,8,71,7,142,3,116],"tags":[1452,10403,13696],"class_list":{"0":"post-124990","1":"post","2":"type-post","3":"status-publish","4":"format-standard","5":"has-post-thumbnail","7":"category-la-canal-de-navarres","8":"category-la-comarca","9":"category-millares","10":"category-ocio-y-cultura","11":"category-politica-la-comarca","12":"category-seccion","13":"category-sucesos-la-comarca","14":"tag-la-canal-de-navarres-2","15":"tag-millares","16":"tag-obituario"},"_links":{"self":[{"href":"https:\/\/www.tucomarca.com\/wordpress\/segunda\/wp-json\/wp\/v2\/posts\/124990","targetHints":{"allow":["GET"]}}],"collection":[{"href":"https:\/\/www.tucomarca.com\/wordpress\/segunda\/wp-json\/wp\/v2\/posts"}],"about":[{"href":"https:\/\/www.tucomarca.com\/wordpress\/segunda\/wp-json\/wp\/v2\/types\/post"}],"author":[{"embeddable":true,"href":"https:\/\/www.tucomarca.com\/wordpress\/segunda\/wp-json\/wp\/v2\/users\/12"}],"replies":[{"embeddable":true,"href":"https:\/\/www.tucomarca.com\/wordpress\/segunda\/wp-json\/wp\/v2\/comments?post=124990"}],"version-history":[{"count":0,"href":"https:\/\/www.tucomarca.com\/wordpress\/segunda\/wp-json\/wp\/v2\/posts\/124990\/revisions"}],"wp:featuredmedia":[{"embeddable":true,"href":"https:\/\/www.tucomarca.com\/wordpress\/segunda\/wp-json\/wp\/v2\/media\/124992"}],"wp:attachment":[{"href":"https:\/\/www.tucomarca.com\/wordpress\/segunda\/wp-json\/wp\/v2\/media?parent=124990"}],"wp:term":[{"taxonomy":"category","embeddable":true,"href":"https:\/\/www.tucomarca.com\/wordpress\/segunda\/wp-json\/wp\/v2\/categories?post=124990"},{"taxonomy":"post_tag","embeddable":true,"href":"https:\/\/www.tucomarca.com\/wordpress\/segunda\/wp-json\/wp\/v2\/tags?post=124990"}],"curies":[{"name":"wp","href":"https:\/\/api.w.org\/{rel}","templated":true}]}}