{"id":12501,"date":"2013-03-17T11:16:19","date_gmt":"2013-03-17T10:16:19","guid":{"rendered":"http:\/\/www.tucomarca.com\/wordpress\/segunda\/?p=12501"},"modified":"2013-03-17T11:16:19","modified_gmt":"2013-03-17T10:16:19","slug":"pilar-albert-mantiene-una-reunion-de-trabajo-con-el-alcalde-de-quesa","status":"publish","type":"post","link":"https:\/\/www.tucomarca.com\/wordpress\/segunda\/pilar-albert-mantiene-una-reunion-de-trabajo-con-el-alcalde-de-quesa\/","title":{"rendered":"Pilar Albert mantiene una reuni\u00f3n de trabajo con el alcalde de Quesa"},"content":{"rendered":"<figure id=\"attachment_12502\" aria-describedby=\"caption-attachment-12502\" style=\"width: 300px\" class=\"wp-caption alignleft\"><a href=\"https:\/\/www.tucomarca.com\/wordpress\/segunda\/wp-content\/uploads\/2013\/03\/PAlbertQuesa.jpg\"><img loading=\"lazy\" decoding=\"async\" class=\"size-medium wp-image-12502\" title=\"PAlbertQuesa\" src=\"https:\/\/www.tucomarca.com\/wordpress\/segunda\/wp-content\/uploads\/2013\/03\/PAlbertQuesa-300x200.jpg\" alt=\"Durante la reuni\u00f3n han abordado los recursos sociales del municipio as\u00ed como las posibles v\u00edas de colaboraci\u00f3n.\" width=\"300\" height=\"200\" srcset=\"https:\/\/www.tucomarca.com\/wordpress\/segunda\/wp-content\/uploads\/2013\/03\/PAlbertQuesa-300x200.jpg 300w, https:\/\/www.tucomarca.com\/wordpress\/segunda\/wp-content\/uploads\/2013\/03\/PAlbertQuesa-1024x682.jpg 1024w\" sizes=\"auto, (max-width: 300px) 100vw, 300px\" \/><\/a><figcaption id=\"caption-attachment-12502\" class=\"wp-caption-text\">Durante la reuni\u00f3n han abordado los recursos sociales del municipio as\u00ed como las posibles v\u00edas de colaboraci\u00f3n.<\/figcaption><\/figure>\n<p>La  directora general de Acci\u00f3n Social y Mayores, Pilar Albert, ha  mantenido esta semana una reuni\u00f3n de trabajo con el alcalde-presidente del  Ayuntamiento de Quesa, Jes\u00fas Miguel Requena, la concejala responsable de  las \u00e1reas de Bienestar Social y Cultura, Mar\u00eda Olvido Naval\u00f3n y la  primera teniente de Alcalde y responsable de las \u00e1reas de Tesorer\u00eda,  Turismo, Empleo y Promoci\u00f3n Econ\u00f3mica, Adoraci\u00f3n Albuixech.<\/p>\n<div>Durante  la reuni\u00f3n , han abordado los recursos sociales del municipio as\u00ed como,  las posibles v\u00edas de colaboraci\u00f3n para fomentar los programas de  envejecimiento activo destinados a las personas mayores del municipio.<\/div>\n","protected":false},"excerpt":{"rendered":"<div class=\"mh-excerpt\">La directora general de Acci\u00f3n Social y Mayores, Pilar Albert, ha mantenido esta semana una reuni\u00f3n de trabajo con el alcalde-presidente del Ayuntamiento de Quesa, Jes\u00fas Miguel Requena, la concejala responsable de las \u00e1reas de <a class=\"mh-excerpt-more\" href=\"https:\/\/www.tucomarca.com\/wordpress\/segunda\/pilar-albert-mantiene-una-reunion-de-trabajo-con-el-alcalde-de-quesa\/\" title=\"Pilar Albert mantiene una reuni\u00f3n de trabajo con el alcalde de Quesa\">[+] <\/a><\/div>\n","protected":false},"author":1,"featured_media":12502,"comment_status":"open","ping_status":"open","sticky":false,"template":"","format":"standard","meta":{"footnotes":""},"categories":[128,70,8,164,3,45],"tags":[],"class_list":{"0":"post-12501","1":"post","2":"type-post","3":"status-publish","4":"format-standard","5":"has-post-thumbnail","7":"category-infraestructuras","8":"category-la-canal-de-navarres","9":"category-la-comarca","10":"category-quesa","11":"category-seccion","12":"category-ventana"},"_links":{"self":[{"href":"https:\/\/www.tucomarca.com\/wordpress\/segunda\/wp-json\/wp\/v2\/posts\/12501","targetHints":{"allow":["GET"]}}],"collection":[{"href":"https:\/\/www.tucomarca.com\/wordpress\/segunda\/wp-json\/wp\/v2\/posts"}],"about":[{"href":"https:\/\/www.tucomarca.com\/wordpress\/segunda\/wp-json\/wp\/v2\/types\/post"}],"author":[{"embeddable":true,"href":"https:\/\/www.tucomarca.com\/wordpress\/segunda\/wp-json\/wp\/v2\/users\/1"}],"replies":[{"embeddable":true,"href":"https:\/\/www.tucomarca.com\/wordpress\/segunda\/wp-json\/wp\/v2\/comments?post=12501"}],"version-history":[{"count":0,"href":"https:\/\/www.tucomarca.com\/wordpress\/segunda\/wp-json\/wp\/v2\/posts\/12501\/revisions"}],"wp:featuredmedia":[{"embeddable":true,"href":"https:\/\/www.tucomarca.com\/wordpress\/segunda\/wp-json\/wp\/v2\/media\/12502"}],"wp:attachment":[{"href":"https:\/\/www.tucomarca.com\/wordpress\/segunda\/wp-json\/wp\/v2\/media?parent=12501"}],"wp:term":[{"taxonomy":"category","embeddable":true,"href":"https:\/\/www.tucomarca.com\/wordpress\/segunda\/wp-json\/wp\/v2\/categories?post=12501"},{"taxonomy":"post_tag","embeddable":true,"href":"https:\/\/www.tucomarca.com\/wordpress\/segunda\/wp-json\/wp\/v2\/tags?post=12501"}],"curies":[{"name":"wp","href":"https:\/\/api.w.org\/{rel}","templated":true}]}}