{"id":125452,"date":"2021-02-02T21:00:00","date_gmt":"2021-02-02T20:00:00","guid":{"rendered":"http:\/\/www.tucomarca.com\/wordpress\/segunda\/?p=125452"},"modified":"2021-02-02T23:32:30","modified_gmt":"2021-02-02T22:32:30","slug":"riba-roja-de-turia-pide-al-estado-inversiones-en-el-area-industrial-para-relanzar-la-actividad-de-las-mas-de-900-empresas-de-los-poligonos","status":"publish","type":"post","link":"https:\/\/www.tucomarca.com\/wordpress\/segunda\/riba-roja-de-turia-pide-al-estado-inversiones-en-el-area-industrial-para-relanzar-la-actividad-de-las-mas-de-900-empresas-de-los-poligonos\/","title":{"rendered":"Riba-roja de T\u00faria pide al Estado inversiones en el \u00e1rea industrial para relanzar la actividad de las m\u00e1s de 900 empresas de los pol\u00edgonos"},"content":{"rendered":"\n<h4 class=\"wp-block-heading\">El pleno municipal reclama medidas para afrontar un par\u00f3n econ\u00f3mico<\/h4>\n\n\n\n<p>El pleno municipal del Ayuntamiento de Riba-roja de T\u00faria ha aprobado una propuesta en la que se insta al Estado a adoptar medidas que ayuden a relanzar la actividad de los pol\u00edgonos industriales de la localidad ante un par\u00f3n econ\u00f3mico derivado del confinamiento que se vive en la actualidad en Espa\u00f1a. La propuesta del pleno municipal ha contado con el voto a favor del equipo de gobierno del PSPV, adem\u00e1s del Partido Popular, Ciudadanos, Comprom\u00eds, Esquerra Unida y Podemos Riba-roja Puede y la abstenci\u00f3n de Vox. &nbsp;<\/p>\n\n\n\n<p>La moci\u00f3n respaldada por una amplia mayor\u00eda plenaria de Riba-roja de T\u00faria pone el acento en la necesidad de mayores inversiones en infraestructuras viarias y comunicaciones de los pol\u00edgonos con las principales carreteras y una apuesta clara por la digitalizaci\u00f3n de las empresas y por su adaptaci\u00f3n a los criterios para una transici\u00f3n ecol\u00f3gica compatible con los Objetivos de Desarrollo Sostenible (ODS) auspiciados por las Naciones Unidas. &nbsp;<\/p>\n\n\n\n<p>El pleno municipal se ha hecho eco de la importancia del eje industrial que conforman las localidades de Riba-roja, Cheste y Loriguilla mediante la Asociaci\u00f3n de Municipios del Eje A3, entre cuyos tres t\u00e9rminos municipales suman hasta 14 millones de metros cuadrados de suelo industrial, de los cuales se han desarrollado hasta el momento 8 millones sobre el total existente.&nbsp;<\/p>\n\n\n\n<p>Precisamente, una de las principales reivindicaciones de este eje es una mejora notable de sus comunicaciones con la autov\u00eda A-3 y la A-7, es decir, con el corredor mediterr\u00e1neo y la zona central de Espa\u00f1a, con el objetivo de aumentar la competitividad de las empresas asentadas en las tres \u00e1reas industriales. Los atascos y las dificultades en las comunicaciones se presentan como uno de los escollos m\u00e1s importantes en el desarrollo del eje industrial.&nbsp;<\/p>\n\n\n\n<p>El texto aprobado por el pleno municipal de Riba-roja de T\u00faria se hace eco de la necesidad de implementar las inversiones adecuadas que permita \u201cgenerar puestos de trabajo, con mejores salarios, de una mayor calidad y una mayor estabilidad\u201d, y reivindica una reindustrializaci\u00f3n enfocada a la transformaci\u00f3n digital y una transici\u00f3n ecol\u00f3gica basada en la justicia social. &nbsp;<\/p>\n\n\n\n<p>El pleno insta a un pacto de Estado como f\u00f3rmula directa para alcanzar los objetivos para una reindustrializaci\u00f3n en Espa\u00f1a, con una actualizaci\u00f3n del marco de regulaci\u00f3n para una efectiva digitalizaci\u00f3n y un equilibrio sostenible en la producci\u00f3n de las empresas compatible con los criterios de las Naciones Unidas mediante un consenso amplio entre los grupos parlamentarios, las organizaciones sindicales y empresariales que permitan, finalmente, la atracci\u00f3n de nuevas inversiones y, por ende, una capitalizaci\u00f3n de las propias empresas.&nbsp;<\/p>\n\n\n\n<p>El equipo de gobierno ha recordado las inversiones realizadas en los \u00faltimos a\u00f1os en los pol\u00edgonos industriales de Riba-roja de T\u00faria mediante las partidas presupuestarias financiadas con fondos municipales superiores a 1\u20195 millones de euros, con los trabajos de asfaltado, alumbrado, limpieza, mobiliario urbano, se\u00f1alizaci\u00f3n y adaptaci\u00f3n a las nuevas tecnolog\u00edas. Adem\u00e1s, se ha aprobado un contrato de mantenimiento de estos n\u00facleos industriales con una inversi\u00f3n anual de 400.000 euros anuales.&nbsp;<\/p>\n\n\n\n<p>El alcalde de Riba-roja de T\u00faria, Robert Raga, ha subrayado la necesidad de \u201capostar por el desarrollo, modernizaci\u00f3n y la implantaci\u00f3n de las nuevas tecnolog\u00edas de nuestros pol\u00edgonos como uno de los principales retos que tenemos por delante en la actual situaci\u00f3n de pandemia que vivimos ya que estos n\u00facleos son un motor importante en la creaci\u00f3n de empleo, riqueza y avance social\u201d.&nbsp;<\/p>\n","protected":false},"excerpt":{"rendered":"<div class=\"mh-excerpt\">El pleno municipal reclama medidas para afrontar un par\u00f3n econ\u00f3mico El pleno municipal del Ayuntamiento de Riba-roja de T\u00faria ha aprobado una propuesta en la que se insta al Estado a adoptar medidas que ayuden <a class=\"mh-excerpt-more\" href=\"https:\/\/www.tucomarca.com\/wordpress\/segunda\/riba-roja-de-turia-pide-al-estado-inversiones-en-el-area-industrial-para-relanzar-la-actividad-de-las-mas-de-900-empresas-de-los-poligonos\/\" title=\"Riba-roja de T\u00faria pide al Estado inversiones en el \u00e1rea industrial para relanzar la actividad de las m\u00e1s de 900 empresas de los pol\u00edgonos\">[+] <\/a><\/div>\n","protected":false},"author":12,"featured_media":117128,"comment_status":"open","ping_status":"open","sticky":false,"template":"","format":"standard","meta":{"footnotes":""},"categories":[46,128,8,142,182,3],"tags":[10395,13728,2126,8900],"class_list":{"0":"post-125452","1":"post","2":"type-post","3":"status-publish","4":"format-standard","5":"has-post-thumbnail","7":"category-camp-de-turia","8":"category-infraestructuras","9":"category-la-comarca","10":"category-politica-la-comarca","11":"category-riba-roja","12":"category-seccion","13":"tag-camp-de-turia","14":"tag-estado-espanol","15":"tag-inversiones","16":"tag-riba-roja-del-turia"},"_links":{"self":[{"href":"https:\/\/www.tucomarca.com\/wordpress\/segunda\/wp-json\/wp\/v2\/posts\/125452","targetHints":{"allow":["GET"]}}],"collection":[{"href":"https:\/\/www.tucomarca.com\/wordpress\/segunda\/wp-json\/wp\/v2\/posts"}],"about":[{"href":"https:\/\/www.tucomarca.com\/wordpress\/segunda\/wp-json\/wp\/v2\/types\/post"}],"author":[{"embeddable":true,"href":"https:\/\/www.tucomarca.com\/wordpress\/segunda\/wp-json\/wp\/v2\/users\/12"}],"replies":[{"embeddable":true,"href":"https:\/\/www.tucomarca.com\/wordpress\/segunda\/wp-json\/wp\/v2\/comments?post=125452"}],"version-history":[{"count":0,"href":"https:\/\/www.tucomarca.com\/wordpress\/segunda\/wp-json\/wp\/v2\/posts\/125452\/revisions"}],"wp:featuredmedia":[{"embeddable":true,"href":"https:\/\/www.tucomarca.com\/wordpress\/segunda\/wp-json\/wp\/v2\/media\/117128"}],"wp:attachment":[{"href":"https:\/\/www.tucomarca.com\/wordpress\/segunda\/wp-json\/wp\/v2\/media?parent=125452"}],"wp:term":[{"taxonomy":"category","embeddable":true,"href":"https:\/\/www.tucomarca.com\/wordpress\/segunda\/wp-json\/wp\/v2\/categories?post=125452"},{"taxonomy":"post_tag","embeddable":true,"href":"https:\/\/www.tucomarca.com\/wordpress\/segunda\/wp-json\/wp\/v2\/tags?post=125452"}],"curies":[{"name":"wp","href":"https:\/\/api.w.org\/{rel}","templated":true}]}}