{"id":125485,"date":"2021-02-02T23:00:00","date_gmt":"2021-02-02T22:00:00","guid":{"rendered":"http:\/\/www.tucomarca.com\/wordpress\/segunda\/?p=125485"},"modified":"2021-02-04T20:26:16","modified_gmt":"2021-02-04T19:26:16","slug":"el-pp-de-leliana-propone-una-mesa-de-seguridad-ante-lo-que-denominan-una-oleada-de-robos-incautaciones-de-droga-y-agresiones","status":"publish","type":"post","link":"https:\/\/www.tucomarca.com\/wordpress\/segunda\/el-pp-de-leliana-propone-una-mesa-de-seguridad-ante-lo-que-denominan-una-oleada-de-robos-incautaciones-de-droga-y-agresiones\/","title":{"rendered":"El PP de l&#8217;Eliana propone una mesa de seguridad ante lo que denominan una \u00aboleada de robos, incautaciones de droga y agresiones\u00bb"},"content":{"rendered":"\n<h4 class=\"wp-block-heading\">El PP propone la creaci\u00f3n de una Mesa de Seguridad&nbsp;<\/h4>\n\n\n\n<h4 class=\"wp-block-heading\">Los populares solicitan aumentar la plantilla de polic\u00eda, m\u00e1s medios y presupuesto&nbsp;<\/h4>\n\n\n\n<figure class=\"wp-block-image size-large\"><img loading=\"lazy\" decoding=\"async\" width=\"704\" height=\"709\" src=\"https:\/\/www.tucomarca.com\/wordpress\/segunda\/wp-content\/uploads\/2021\/02\/ElianaRobos1.jpg\" alt=\"\" class=\"wp-image-125487\" srcset=\"https:\/\/www.tucomarca.com\/wordpress\/segunda\/wp-content\/uploads\/2021\/02\/ElianaRobos1.jpg 704w, https:\/\/www.tucomarca.com\/wordpress\/segunda\/wp-content\/uploads\/2021\/02\/ElianaRobos1-298x300.jpg 298w\" sizes=\"auto, (max-width: 704px) 100vw, 704px\" \/><\/figure>\n\n\n\n<p>\u00abLas \u00faltimas semanas la poblaci\u00f3n de l&#8217;Eliana ha visto como su pueblo ha protagonizado diferentes titulares de prensa debido a numerosos sucesos de inseguridad ciudadana que han provocado una gran preocupaci\u00f3n vecinal\u00bb, seg\u00fan los populares.<\/p>\n\n\n\n<p>\u00abEn el mes de diciembre se produjo la detenci\u00f3n de un operario de la brigada del ayuntamiento al cual se le incautaron 3.7 kg de coca\u00edna.\u00a0Recientemente se han sucedido roturas de cristales de veh\u00edculos para sustraer documentaci\u00f3n y bienes en diferentes urbanizaciones, robos y agresiones en la v\u00eda p\u00fablica, asaltos a domicilios, incluso disparos a un veh\u00edculo estacionado en el centro del pueblo.\u00a0La pasada semana se intervino en una batalla campal de 150 j\u00f3venes\u00bb.<\/p>\n\n\n\n<p>\u00abEl solar anexo al parking de la Avd. Corts Valencianes se ha convertido en una verdadera \u201ccampa\u201d de caravanas, la avenida German\u00edas es un parking de camiones de gran tonelaje y los veh\u00edculos abandonados en las inmediaciones del pr\u00f3ximo pol\u00edgono industrial se van acumulando sin que el ayuntamiento haga algo para solucionarlo\u00bb.<\/p>\n\n\n\n<p>Preguntados por esta situaci\u00f3n,\u00a0el partido de la oposici\u00f3n en el municipio, el PP de l&#8217;Eliana, argumenta que ha denunciado \u00abdesde hace meses la carencia de agentes de polic\u00eda para facilitar y garantizar el derecho al bienestar de todos los vecinos, hemos solicitado en reiteradas ocasiones el refuerzo de agentes para cubrir de forma efectiva y con mayor seguridad tanto el casco urbano como las urbanizaciones,\u00a0es insuficiente el n\u00famero de efectivos que tiene el pueblo con la amplitud de terreno que deben cubrir\u201d, afirma Mar\u00eda Jos\u00e9 Marco portavoz de los populares.<\/p>\n\n\n\n<p>Mar\u00eda Jos\u00e9 Marco resalta \u00abla profesionalidad de los agentes de la Polic\u00eda Local de l&#8217;Eliana que a pesar de los escasos efectivos y medios que tienen y la precaria situaci\u00f3n econ\u00f3mica, tienen uno de los sueldos m\u00e1s bajos de la provincia, aun as\u00ed,\u00a0consiguen realizar detenciones\u00a0y evitar la oleada de robos que se est\u00e1n produciendo en los \u00faltimos tiempos. La portavoz popular recalca que tenemos la mejor polic\u00eda de Valencia, pero est\u00e1n en condiciones muy precarias y no puede ser que no incrementemos el n\u00famero de agentes y su presupuesto. Es necesario dotarlos de unos medios suficientes. Hay que responder a las necesidades de los que nos protegen. Proponemos una Mesa de Seguridad\u00a0integrada por los diferentes grupos pol\u00edticos y los representantes de la polic\u00eda local para poder escuchar sus necesidades e invertir en nuestra seguridad\u00bb.<\/p>\n\n\n\n<p>En pleno de presupuestos celebrado en el mes de diciembre, ya se recrimino por parte de los populares \u00abla falta de una partida para implementar la plantilla de agentes municipales, destinamos 700.000 euros para incorporaci\u00f3n de personal administrativo, pero ni una sola plaza de polic\u00eda local, bien es sabida la falta que hace en el municipio\u201d, en palabras del Sr. Alfonso responsable del \u00e1rea econ\u00f3mica del PP. Para Alfonso \u00abenviamos a nuestra polic\u00eda a la guerra con palos y piedras\u00bb. <\/p>\n\n\n\n<p>\u00abNecesitan todo nuestro apoyo ya que velan por nuestra seguridad y bienestar.\u00a0El PSOE se niega a aumentar la plantilla y a invertir en nuestra polic\u00eda local\u00a0que son verdaderos h\u00e9roes. Reclamamos\u00a0un refuerzo policial inmediato, unos efectivos m\u00ednimos para que la ciudadan\u00eda pueda disponer de un servicio de seguridad p\u00fablica eficiente y digno. Y de ese modo garantizar el bienestar que se merecen nuestros vecinos\u00bb, finalizan desde el PP.<\/p>\n","protected":false},"excerpt":{"rendered":"<div class=\"mh-excerpt\">El PP propone la creaci\u00f3n de una Mesa de Seguridad&nbsp; Los populares solicitan aumentar la plantilla de polic\u00eda, m\u00e1s medios y presupuesto&nbsp; \u00abLas \u00faltimas semanas la poblaci\u00f3n de l&#8217;Eliana ha visto como su pueblo ha <a class=\"mh-excerpt-more\" href=\"https:\/\/www.tucomarca.com\/wordpress\/segunda\/el-pp-de-leliana-propone-una-mesa-de-seguridad-ante-lo-que-denominan-una-oleada-de-robos-incautaciones-de-droga-y-agresiones\/\" title=\"El PP de l&#8217;Eliana propone una mesa de seguridad ante lo que denominan una \u00aboleada de robos, incautaciones de droga y agresiones\u00bb\">[+] <\/a><\/div>\n","protected":false},"author":12,"featured_media":125489,"comment_status":"open","ping_status":"open","sticky":false,"template":"","format":"standard","meta":{"footnotes":""},"categories":[46,177,8,142,3,116],"tags":[10395,11581,33],"class_list":{"0":"post-125485","1":"post","2":"type-post","3":"status-publish","4":"format-standard","5":"has-post-thumbnail","7":"category-camp-de-turia","8":"category-leliana","9":"category-la-comarca","10":"category-politica-la-comarca","11":"category-seccion","12":"category-sucesos-la-comarca","13":"tag-camp-de-turia","14":"tag-pp-de-leliana","15":"tag-sucesos"},"_links":{"self":[{"href":"https:\/\/www.tucomarca.com\/wordpress\/segunda\/wp-json\/wp\/v2\/posts\/125485","targetHints":{"allow":["GET"]}}],"collection":[{"href":"https:\/\/www.tucomarca.com\/wordpress\/segunda\/wp-json\/wp\/v2\/posts"}],"about":[{"href":"https:\/\/www.tucomarca.com\/wordpress\/segunda\/wp-json\/wp\/v2\/types\/post"}],"author":[{"embeddable":true,"href":"https:\/\/www.tucomarca.com\/wordpress\/segunda\/wp-json\/wp\/v2\/users\/12"}],"replies":[{"embeddable":true,"href":"https:\/\/www.tucomarca.com\/wordpress\/segunda\/wp-json\/wp\/v2\/comments?post=125485"}],"version-history":[{"count":0,"href":"https:\/\/www.tucomarca.com\/wordpress\/segunda\/wp-json\/wp\/v2\/posts\/125485\/revisions"}],"wp:featuredmedia":[{"embeddable":true,"href":"https:\/\/www.tucomarca.com\/wordpress\/segunda\/wp-json\/wp\/v2\/media\/125489"}],"wp:attachment":[{"href":"https:\/\/www.tucomarca.com\/wordpress\/segunda\/wp-json\/wp\/v2\/media?parent=125485"}],"wp:term":[{"taxonomy":"category","embeddable":true,"href":"https:\/\/www.tucomarca.com\/wordpress\/segunda\/wp-json\/wp\/v2\/categories?post=125485"},{"taxonomy":"post_tag","embeddable":true,"href":"https:\/\/www.tucomarca.com\/wordpress\/segunda\/wp-json\/wp\/v2\/tags?post=125485"}],"curies":[{"name":"wp","href":"https:\/\/api.w.org\/{rel}","templated":true}]}}