{"id":125513,"date":"2021-02-03T08:03:00","date_gmt":"2021-02-03T07:03:00","guid":{"rendered":"http:\/\/www.tucomarca.com\/wordpress\/segunda\/?p=125513"},"modified":"2021-02-03T21:10:59","modified_gmt":"2021-02-03T20:10:59","slug":"la-diputacio-concede-un-millon-de-euros-para-la-compra-de-vehiculos-electricos-y-puntos-de-recarga-municipales","status":"publish","type":"post","link":"https:\/\/www.tucomarca.com\/wordpress\/segunda\/la-diputacio-concede-un-millon-de-euros-para-la-compra-de-vehiculos-electricos-y-puntos-de-recarga-municipales\/","title":{"rendered":"La Diputaci\u00f3 concede un mill\u00f3n de euros para la compra de veh\u00edculos el\u00e9ctricos y puntos de recarga municipales"},"content":{"rendered":"\n<h4 class=\"wp-block-heading\">El \u00c1rea de Medio Ambiente de la Diputaci\u00f3 de Val\u00e8ncia publica la concesi\u00f3n de la subvenci\u00f3n destinada a ayuntamientos<\/h4>\n\n\n\n<h4 class=\"wp-block-heading\">La vicepresidenta de la Diputaci\u00f3 y responsable del \u00c1rea de Medio Ambiente, Maria Josep Amig\u00f3, explica que 68 municipios recibir\u00e1n ayudas para la mitigaci\u00f3n del cambio clim\u00e1tico<\/h4>\n\n\n\n<p>El \u00c1rea de Medio Ambiente de la Diputaci\u00f3 de Val\u00e8ncia subvenciona, a trav\u00e9s de la estrategia Reacciona, la compra de veh\u00edculos el\u00e9ctricos y la instalaci\u00f3n de puntos de recarga con un presupuesto que asciende al mill\u00f3n de euros. En total, 56 municipios recibir\u00e1n ayudas para la compra de turismos, furgonetas, camiones peque\u00f1os, motos o bicicletas, y se instalar\u00e1n 36 puntos de recarga.<\/p>\n\n\n\n<p>\u201cGracias a estas ayudas muchos municipios han empezado a renovar su flota, especialmente los veh\u00edculos de las brigadas municipales y la polic\u00eda local\u201d, ha explicado la vicepresidenta de la Diputaci\u00f3 y responsable del \u00c1rea de Medio Ambiente, Maria Josep Amig\u00f3.<\/p>\n\n\n\n<p>En la baremaci\u00f3n de la subvenci\u00f3n se valoraba si el ayuntamiento ten\u00eda suministro el\u00e9ctrico de origen 100% renovable y un Plan de Movilidad Urbana Sostenible (PMUS) aprobado o en tramitaci\u00f3n. As\u00ed mismo, se premiaba no haber sido beneficiario en las anteriores ediciones.<\/p>\n\n\n\n<p>La finalidad de la estrategia Reacciona es ayudar econ\u00f3micamente a los municipios de la provincia de Val\u00e8ncia a poner en marcha proyectos&nbsp;relacionados con la energ\u00eda, la movilidad, la gesti\u00f3n de residuos, la naturaleza, el ahorro de agua y la educaci\u00f3n ambiental.<\/p>\n\n\n\n<p>Los pueblos que recibir\u00e1n subvenciones para la compra de veh\u00edculos son: Catarroja, Salem, Antella, Xeraco, l\u2019Alc\u00fadia, Silla, Pu\u00e7ol, Paiporta, Burjassot, Estubeny, Atzeneta d\u2019Albaida, Bolbaite, Estivella, Alfarp, Quartell, Manuel, Albalat de la Ribera, Albalat dels Sorells, Benet\u00fasser, Massamagrell, Tavernes de la Valldigna, Picassent, Alboraia, Ontinyent, Guadass\u00e9quies, Guardamar de la Safor, Gestalgar, Gavarda, Alborache, Barxeta, Simat de la Valldigna, Albuixech, Guadassuar, Canet d\u2019en Berenguer, Cheste, l\u2019Eliana, Requena, Carcaixent, Riba-roja del T\u00faria, Oliva, Alaqu\u00e0s, Torrent, el Palomar, l\u2019\u00c8nova, Fontanars dels Alforins, Almoines, Favara, Gilet, Sollana, Benig\u00e0nim, Castell\u00f3, Vilamarxant, Picanya, la Pobla de Vallbona, Dos Aguas y Sant Joanet.<\/p>\n\n\n\n<p>Los pueblos que recibir\u00e1n subvenciones para la instalaci\u00f3n de puntos de recarga son: Salem, Xeraco, Paiporta, Higueruelas, Estivella, Alfarp, Quartell, Manuel, Llombai, Massamagrell, Tavernes de la Valldigna, Guadass\u00e9quies, Gestalgar, Gavarda, Alborache, Massalfassar, Simat de la Valldigna, Guadassuar, Canet d\u2019en Berenguer, Cheste, Alfauir, l\u2019\u00c8nova, Fontanars dels Alforins, Rafelcofer, Almoines, Genov\u00e9s, Bocairent, Sollana, Benig\u00e0nim, Vilamarxant, B\u00e9tera, Casas Altas, Vallanca, Millares, Torrebaja y Sant Joanet.<\/p>\n","protected":false},"excerpt":{"rendered":"<div class=\"mh-excerpt\">El \u00c1rea de Medio Ambiente de la Diputaci\u00f3 de Val\u00e8ncia publica la concesi\u00f3n de la subvenci\u00f3n destinada a ayuntamientos La vicepresidenta de la Diputaci\u00f3 y responsable del \u00c1rea de Medio Ambiente, Maria Josep Amig\u00f3, explica <a class=\"mh-excerpt-more\" href=\"https:\/\/www.tucomarca.com\/wordpress\/segunda\/la-diputacio-concede-un-millon-de-euros-para-la-compra-de-vehiculos-electricos-y-puntos-de-recarga-municipales\/\" title=\"La Diputaci\u00f3 concede un mill\u00f3n de euros para la compra de veh\u00edculos el\u00e9ctricos y puntos de recarga municipales\">[+] <\/a><\/div>\n","protected":false},"author":12,"featured_media":125516,"comment_status":"open","ping_status":"open","sticky":false,"template":"","format":"standard","meta":{"footnotes":""},"categories":[49,19,154,46,224,17,15,128,292,70,8,72,10,174,42,117,71,142,182,3,184],"tags":[3677,107,13733,13734],"class_list":{"0":"post-125513","1":"post","2":"type-post","3":"status-publish","4":"format-standard","5":"has-post-thumbnail","7":"category-ademuz","8":"category-alborache","9":"category-alfarp","10":"category-camp-de-turia","11":"category-casas-altas","12":"category-cheste","13":"category-dos-aguas","14":"category-infraestructuras","15":"category-lalcudia","16":"category-la-canal-de-navarres","17":"category-la-comarca","18":"category-sin-categorizar","19":"category-la-hoya","20":"category-la-pobla","21":"category-la-ribera","22":"category-medio-ambiente-la-comarca","23":"category-millares","24":"category-politica-la-comarca","25":"category-riba-roja","26":"category-seccion","27":"category-vilamarxant","28":"tag-diputacio-de-valencia","29":"tag-medio-ambiente","30":"tag-plan-de-movilidad-urbana-sostenible","31":"tag-pmus"},"_links":{"self":[{"href":"https:\/\/www.tucomarca.com\/wordpress\/segunda\/wp-json\/wp\/v2\/posts\/125513","targetHints":{"allow":["GET"]}}],"collection":[{"href":"https:\/\/www.tucomarca.com\/wordpress\/segunda\/wp-json\/wp\/v2\/posts"}],"about":[{"href":"https:\/\/www.tucomarca.com\/wordpress\/segunda\/wp-json\/wp\/v2\/types\/post"}],"author":[{"embeddable":true,"href":"https:\/\/www.tucomarca.com\/wordpress\/segunda\/wp-json\/wp\/v2\/users\/12"}],"replies":[{"embeddable":true,"href":"https:\/\/www.tucomarca.com\/wordpress\/segunda\/wp-json\/wp\/v2\/comments?post=125513"}],"version-history":[{"count":0,"href":"https:\/\/www.tucomarca.com\/wordpress\/segunda\/wp-json\/wp\/v2\/posts\/125513\/revisions"}],"wp:featuredmedia":[{"embeddable":true,"href":"https:\/\/www.tucomarca.com\/wordpress\/segunda\/wp-json\/wp\/v2\/media\/125516"}],"wp:attachment":[{"href":"https:\/\/www.tucomarca.com\/wordpress\/segunda\/wp-json\/wp\/v2\/media?parent=125513"}],"wp:term":[{"taxonomy":"category","embeddable":true,"href":"https:\/\/www.tucomarca.com\/wordpress\/segunda\/wp-json\/wp\/v2\/categories?post=125513"},{"taxonomy":"post_tag","embeddable":true,"href":"https:\/\/www.tucomarca.com\/wordpress\/segunda\/wp-json\/wp\/v2\/tags?post=125513"}],"curies":[{"name":"wp","href":"https:\/\/api.w.org\/{rel}","templated":true}]}}