{"id":125521,"date":"2021-02-03T08:08:00","date_gmt":"2021-02-03T07:08:00","guid":{"rendered":"http:\/\/www.tucomarca.com\/wordpress\/segunda\/?p=125521"},"modified":"2021-02-03T21:42:57","modified_gmt":"2021-02-03T20:42:57","slug":"adaptt-20-presenta-bobal-hub-un-espacio-colaborativo-para-el-emprendimiento-de-la-comarca","status":"publish","type":"post","link":"https:\/\/www.tucomarca.com\/wordpress\/segunda\/adaptt-20-presenta-bobal-hub-un-espacio-colaborativo-para-el-emprendimiento-de-la-comarca\/","title":{"rendered":"ADAPT@+T 20 presenta BOBAL HUB, un espacio colaborativo para el emprendimiento de la comarca"},"content":{"rendered":"\n<h4 class=\"wp-block-heading\">Esta nueva l\u00ednea de actuaci\u00f3n pretende fomentar el emprendimiento del territorio, generando una red colaborativa y de networking para emprendedores de la zona.<\/h4>\n\n\n\n<h4 class=\"wp-block-heading\">El programa se present\u00f3 ayer a los municipios de la comarca, como principales dinamizadores y promotores del proyecto y el pr\u00f3ximo viernes, 5 de febrero, se presentar\u00e1 a los emprendedores de del territorio.<\/h4>\n\n\n\n<p>Siguiendo el objetivo de desarrollar programas y l\u00edneas de actuaci\u00f3n para el fomento del empleo que sean innovadoras y eficientes para la comarca, el <strong>Proyecto Experimental de Empleo ADAPT@+T 20<\/strong> ha puesto en marcha el programa <strong>BOBAL HUB<\/strong>, que nace como respuesta a la necesidad de los emprendedores del territorio de contar con un espacio colaborativo y proveedor de los servicios necesarios para el emprendimiento. El programa tambi\u00e9n pretende incorporar a personas desempleadas, para contribuir a que desarrollen su proactividad, iniciativa y autonom\u00eda.<\/p>\n\n\n\n<p>BOBAL HUB es una <strong>comunidad de emprendedores<\/strong>, cuyo objetivo principal es el de generar una <strong>red colaborativa y de <em>networking<\/em><\/strong> para que todas las personas emprendedoras de la comarca encuentren <strong>el<\/strong> <strong>apoyo, la informaci\u00f3n y la formaci\u00f3n<\/strong> necesaria para fortalecer sus iniciativas y proyectos.&nbsp;<\/p>\n\n\n\n<p>Esta nueva l\u00ednea de actuaci\u00f3n <strong>inicia su trayectoria de modo virtual, <\/strong>siguiendo las medidas sociosanitarias vigentes y dando a conocer este novedoso servicio al m\u00e1ximo n\u00famero de emprendedores del territorio. Mas adelante se contar\u00e1n con <strong>espacios de trabajo compartidos (<em>coworking<\/em>)<\/strong> en distintos puntos de la comarca.&nbsp;<\/p>\n\n\n\n<p>Esta innovadora iniciativa se dio a conocer a representantes municipales de la comarca y el pr\u00f3ximo <strong>viernes 5 de febrero<\/strong> se acercar\u00e1 a personas emprendedoras del territorio. El <strong>encuentro online<\/strong> se realizar\u00e1 a partir de las <strong>9:00 horas<\/strong> y la <a href=\"https:\/\/docs.google.com\/forms\/d\/e\/1FAIpQLScpbhWJQMfoJI3qTvszni8y0bVjQqQCwUUMr5zOl0lXOvhYxA\/viewform?usp=sf_link\"><strong>inscripci\u00f3n est\u00e1 disponible a trav\u00e9s de este enlace<\/strong><\/a><strong>.<\/strong><\/p>\n\n\n\n<p>Contacto: 96 217 35 86 \/ <a href=\"mailto:comunicacion@tierradelvino.es\">comunicacion@tierradelvino.es<\/a>&nbsp;<\/p>\n","protected":false},"excerpt":{"rendered":"<div class=\"mh-excerpt\">Esta nueva l\u00ednea de actuaci\u00f3n pretende fomentar el emprendimiento del territorio, generando una red colaborativa y de networking para emprendedores de la zona. El programa se present\u00f3 ayer a los municipios de la comarca, como <a class=\"mh-excerpt-more\" href=\"https:\/\/www.tucomarca.com\/wordpress\/segunda\/adaptt-20-presenta-bobal-hub-un-espacio-colaborativo-para-el-emprendimiento-de-la-comarca\/\" title=\"ADAPT@+T 20 presenta BOBAL HUB, un espacio colaborativo para el emprendimiento de la comarca\">[+] <\/a><\/div>\n","protected":false},"author":12,"featured_media":117697,"comment_status":"open","ping_status":"open","sticky":false,"template":"","format":"standard","meta":{"footnotes":""},"categories":[112,236,37,138,139,128,8,111,142,28,27,140,3,235,29,234,120],"tags":[13737,13738,13164,7976,1987],"class_list":{"0":"post-125521","1":"post","2":"type-post","3":"status-publish","4":"format-standard","5":"has-post-thumbnail","7":"category-campo-arcis","8":"category-camporrobles","9":"category-caudete","10":"category-chera","11":"category-fuenterrobles","12":"category-infraestructuras","13":"category-la-comarca","14":"category-las-cuevas","15":"category-politica-la-comarca","16":"category-requena","17":"category-requena-utiel","18":"category-san-antonio","19":"category-seccion","20":"category-sinarcas","21":"category-utiel","22":"category-venta-del-moro","23":"category-villargordo-del-cabriel","24":"tag-adaptt-20","25":"tag-bobal-hub","26":"tag-coworking","27":"tag-mancomunidad-tierra-del-vino","28":"tag-utiel-requena"},"_links":{"self":[{"href":"https:\/\/www.tucomarca.com\/wordpress\/segunda\/wp-json\/wp\/v2\/posts\/125521","targetHints":{"allow":["GET"]}}],"collection":[{"href":"https:\/\/www.tucomarca.com\/wordpress\/segunda\/wp-json\/wp\/v2\/posts"}],"about":[{"href":"https:\/\/www.tucomarca.com\/wordpress\/segunda\/wp-json\/wp\/v2\/types\/post"}],"author":[{"embeddable":true,"href":"https:\/\/www.tucomarca.com\/wordpress\/segunda\/wp-json\/wp\/v2\/users\/12"}],"replies":[{"embeddable":true,"href":"https:\/\/www.tucomarca.com\/wordpress\/segunda\/wp-json\/wp\/v2\/comments?post=125521"}],"version-history":[{"count":0,"href":"https:\/\/www.tucomarca.com\/wordpress\/segunda\/wp-json\/wp\/v2\/posts\/125521\/revisions"}],"wp:featuredmedia":[{"embeddable":true,"href":"https:\/\/www.tucomarca.com\/wordpress\/segunda\/wp-json\/wp\/v2\/media\/117697"}],"wp:attachment":[{"href":"https:\/\/www.tucomarca.com\/wordpress\/segunda\/wp-json\/wp\/v2\/media?parent=125521"}],"wp:term":[{"taxonomy":"category","embeddable":true,"href":"https:\/\/www.tucomarca.com\/wordpress\/segunda\/wp-json\/wp\/v2\/categories?post=125521"},{"taxonomy":"post_tag","embeddable":true,"href":"https:\/\/www.tucomarca.com\/wordpress\/segunda\/wp-json\/wp\/v2\/tags?post=125521"}],"curies":[{"name":"wp","href":"https:\/\/api.w.org\/{rel}","templated":true}]}}