{"id":125755,"date":"2021-02-05T14:05:00","date_gmt":"2021-02-05T13:05:00","guid":{"rendered":"http:\/\/www.tucomarca.com\/wordpress\/segunda\/?p=125755"},"modified":"2021-02-05T18:16:30","modified_gmt":"2021-02-05T17:16:30","slug":"la-policia-local-de-benaguasil-suma-dos-nuevos-agentes","status":"publish","type":"post","link":"https:\/\/www.tucomarca.com\/wordpress\/segunda\/la-policia-local-de-benaguasil-suma-dos-nuevos-agentes\/","title":{"rendered":"La Polic\u00eda Local de Benaguasil suma dos nuevos agentes"},"content":{"rendered":"\n<p>El cuerpo de la Polic\u00eda Local de Benaguasil ha incorporado dos efectivos m\u00e1s a su plantilla. Los agentes han empezado esta semana a trabajar y tanto el alcalde, Ximo Segarra, como el concejal de Polic\u00eda, Rub\u00e9n Araque y el inspector de Polic\u00eda Local, Alberto Sabater, los han recibido en el Ayuntamiento y les han dado la bienvenida al cuerpo.<\/p>\n\n\n\n<p>Los dos nuevos polic\u00edas desarrollar\u00e1n labores de vigilancia y ordenaci\u00f3n del tr\u00e1fico, as\u00ed como de ayuda a la ciudadan\u00eda, lo que mejorar\u00e1 el servicio que el cuerpo viene desarrollando en el municipio. Tambi\u00e9n su incorporaci\u00f3n permitir\u00e1 reforzar las labores de vigilancia rural.<\/p>\n\n\n\n<p>El concejal del \u00e1rea, Rub\u00e9n Araque, ha apuntado que con estas incorporaciones \u201cse refuerza el servicio que presta la Polic\u00eda Local de Benaguasil a la ciudadan\u00eda las 24 horas todos los d\u00edas del a\u00f1o, lo que supone m\u00e1s capacidad de actuaci\u00f3n frente una acci\u00f3n policial y m\u00e1s seguridad en el ejercicio de sus atribuciones\u201d.<\/p>\n\n\n\n<p>Araque ha puesto en valor la profesionalidad y entrega del cuerpo de polic\u00eda local, sobre todo en estos meses de pandemia en los que \u201chan demostrado su desempe\u00f1o y eficacia para velar por el bienestar de la poblaci\u00f3n\u201d.<\/p>\n\n\n\n<p>Con estas dos nuevas incorporaciones la plantilla de la Polic\u00eda Local de&nbsp;Benaguasil cuenta con 19 agentes.<\/p>\n","protected":false},"excerpt":{"rendered":"<div class=\"mh-excerpt\">El cuerpo de la Polic\u00eda Local de Benaguasil ha incorporado dos efectivos m\u00e1s a su plantilla. Los agentes han empezado esta semana a trabajar y tanto el alcalde, Ximo Segarra, como el concejal de Polic\u00eda, <a class=\"mh-excerpt-more\" href=\"https:\/\/www.tucomarca.com\/wordpress\/segunda\/la-policia-local-de-benaguasil-suma-dos-nuevos-agentes\/\" title=\"La Polic\u00eda Local de Benaguasil suma dos nuevos agentes\">[+] <\/a><\/div>\n","protected":false},"author":12,"featured_media":125761,"comment_status":"open","ping_status":"open","sticky":false,"template":"","format":"standard","meta":{"footnotes":""},"categories":[172,46,128,8,142,3],"tags":[10429,10395,1033],"class_list":{"0":"post-125755","1":"post","2":"type-post","3":"status-publish","4":"format-standard","5":"has-post-thumbnail","7":"category-benaguasil","8":"category-camp-de-turia","9":"category-infraestructuras","10":"category-la-comarca","11":"category-politica-la-comarca","12":"category-seccion","13":"tag-benaguasil","14":"tag-camp-de-turia","15":"tag-policia-local"},"_links":{"self":[{"href":"https:\/\/www.tucomarca.com\/wordpress\/segunda\/wp-json\/wp\/v2\/posts\/125755","targetHints":{"allow":["GET"]}}],"collection":[{"href":"https:\/\/www.tucomarca.com\/wordpress\/segunda\/wp-json\/wp\/v2\/posts"}],"about":[{"href":"https:\/\/www.tucomarca.com\/wordpress\/segunda\/wp-json\/wp\/v2\/types\/post"}],"author":[{"embeddable":true,"href":"https:\/\/www.tucomarca.com\/wordpress\/segunda\/wp-json\/wp\/v2\/users\/12"}],"replies":[{"embeddable":true,"href":"https:\/\/www.tucomarca.com\/wordpress\/segunda\/wp-json\/wp\/v2\/comments?post=125755"}],"version-history":[{"count":0,"href":"https:\/\/www.tucomarca.com\/wordpress\/segunda\/wp-json\/wp\/v2\/posts\/125755\/revisions"}],"wp:featuredmedia":[{"embeddable":true,"href":"https:\/\/www.tucomarca.com\/wordpress\/segunda\/wp-json\/wp\/v2\/media\/125761"}],"wp:attachment":[{"href":"https:\/\/www.tucomarca.com\/wordpress\/segunda\/wp-json\/wp\/v2\/media?parent=125755"}],"wp:term":[{"taxonomy":"category","embeddable":true,"href":"https:\/\/www.tucomarca.com\/wordpress\/segunda\/wp-json\/wp\/v2\/categories?post=125755"},{"taxonomy":"post_tag","embeddable":true,"href":"https:\/\/www.tucomarca.com\/wordpress\/segunda\/wp-json\/wp\/v2\/tags?post=125755"}],"curies":[{"name":"wp","href":"https:\/\/api.w.org\/{rel}","templated":true}]}}