{"id":125800,"date":"2021-02-06T10:00:00","date_gmt":"2021-02-06T09:00:00","guid":{"rendered":"http:\/\/www.tucomarca.com\/wordpress\/segunda\/?p=125800"},"modified":"2021-02-07T12:07:30","modified_gmt":"2021-02-07T11:07:30","slug":"adensva-advierte-del-peligro-de-extincion-del-aguila-perdicera","status":"publish","type":"post","link":"https:\/\/www.tucomarca.com\/wordpress\/segunda\/adensva-advierte-del-peligro-de-extincion-del-aguila-perdicera\/","title":{"rendered":"Adensva advierte del peligro de extinci\u00f3n del \u00e1guila perdicera"},"content":{"rendered":"\n<p>Esta misma semana, la Asociaci\u00f3n para la Defensa\u00a0 de la\u00a0 Naturaleza\u00a0 al\u00a0 Sur\u00a0 de Valencia -Adensva- ha\u00a0 conocido\u00a0 la muerte de un ejemplar adulto de \u00e1guila perdicera en Oliva a consecuencia de la electrocuci\u00f3n\u00a0 en\u00a0 una\u00a0 l\u00ednea\u00a0 el\u00e9ctrica. <\/p>\n\n\n\n<p>La asociaci\u00f3n informa que\u00a0 \u201cya\u00a0 denunci\u00f3\u00a0 ante\u00a0 la\u00a0 Fiscal\u00eda\u00a0 los\u00a0 tendidos\u00a0 el\u00e9ctricos\u00a0 de\u00a0 esta\u00a0 zona donde han sido registradas m\u00e1s de 40 electrocuciones de varias especies de aves rapaces en los \u00faltimos a\u00f1os\u201d. La muerte de este \u00e1guila perdicera, una de las especies de fauna valenciana m\u00e1s amenazadas por los tendidos el\u00e9ctricos, se suma a otras conocidas recientemente en la provincia de Valencia: un \u00e1guila perdicera electrocutada en Utiel, otra muerta por colisi\u00f3n contra los cables de un tendido el\u00e9ctrico en Cortes de Pall\u00e1s y otra ahogada en una balsa de riego en Estivella. Y habr\u00eda que sumar muchos otros ejemplares que a buen seguro habr\u00e1n muerto sin que haya quedado registrado lo sucedido, afirman desde la asociaci\u00f3n. Informa, <strong>Luis Ib\u00e1\u00f1ez.<\/strong><\/p>\n","protected":false},"excerpt":{"rendered":"<div class=\"mh-excerpt\">Esta misma semana, la Asociaci\u00f3n para la Defensa\u00a0 de la\u00a0 Naturaleza\u00a0 al\u00a0 Sur\u00a0 de Valencia -Adensva- ha\u00a0 conocido\u00a0 la muerte de un ejemplar adulto de \u00e1guila perdicera en Oliva a consecuencia de la electrocuci\u00f3n\u00a0 en\u00a0 <a class=\"mh-excerpt-more\" href=\"https:\/\/www.tucomarca.com\/wordpress\/segunda\/adensva-advierte-del-peligro-de-extincion-del-aguila-perdicera\/\" title=\"Adensva advierte del peligro de extinci\u00f3n del \u00e1guila perdicera\">[+] <\/a><\/div>\n","protected":false},"author":12,"featured_media":125827,"comment_status":"open","ping_status":"open","sticky":false,"template":"","format":"standard","meta":{"footnotes":""},"categories":[38,40,8,72,117,27,3,116,29],"tags":[13770,13772,10392,10651,10387,10389],"class_list":{"0":"post-125800","1":"post","2":"type-post","3":"status-publish","4":"format-standard","5":"has-post-thumbnail","7":"category-ayora-cofrentes","8":"category-cortes-de-pallas","9":"category-la-comarca","10":"category-sin-categorizar","11":"category-medio-ambiente-la-comarca","12":"category-requena-utiel","13":"category-seccion","14":"category-sucesos-la-comarca","15":"category-utiel","16":"tag-adensva","17":"tag-aguila-perdicera","18":"tag-cortes-de-pallas","19":"tag-el-valle-de-ayora-cofrentes","20":"tag-requena-utiel","21":"tag-utiel"},"_links":{"self":[{"href":"https:\/\/www.tucomarca.com\/wordpress\/segunda\/wp-json\/wp\/v2\/posts\/125800","targetHints":{"allow":["GET"]}}],"collection":[{"href":"https:\/\/www.tucomarca.com\/wordpress\/segunda\/wp-json\/wp\/v2\/posts"}],"about":[{"href":"https:\/\/www.tucomarca.com\/wordpress\/segunda\/wp-json\/wp\/v2\/types\/post"}],"author":[{"embeddable":true,"href":"https:\/\/www.tucomarca.com\/wordpress\/segunda\/wp-json\/wp\/v2\/users\/12"}],"replies":[{"embeddable":true,"href":"https:\/\/www.tucomarca.com\/wordpress\/segunda\/wp-json\/wp\/v2\/comments?post=125800"}],"version-history":[{"count":0,"href":"https:\/\/www.tucomarca.com\/wordpress\/segunda\/wp-json\/wp\/v2\/posts\/125800\/revisions"}],"wp:featuredmedia":[{"embeddable":true,"href":"https:\/\/www.tucomarca.com\/wordpress\/segunda\/wp-json\/wp\/v2\/media\/125827"}],"wp:attachment":[{"href":"https:\/\/www.tucomarca.com\/wordpress\/segunda\/wp-json\/wp\/v2\/media?parent=125800"}],"wp:term":[{"taxonomy":"category","embeddable":true,"href":"https:\/\/www.tucomarca.com\/wordpress\/segunda\/wp-json\/wp\/v2\/categories?post=125800"},{"taxonomy":"post_tag","embeddable":true,"href":"https:\/\/www.tucomarca.com\/wordpress\/segunda\/wp-json\/wp\/v2\/tags?post=125800"}],"curies":[{"name":"wp","href":"https:\/\/api.w.org\/{rel}","templated":true}]}}