{"id":125867,"date":"2021-02-08T09:00:00","date_gmt":"2021-02-08T08:00:00","guid":{"rendered":"http:\/\/www.tucomarca.com\/wordpress\/segunda\/?p=125867"},"modified":"2021-02-08T10:42:43","modified_gmt":"2021-02-08T09:42:43","slug":"la-do-valencia-da-la-calificacion-de-excelente-a-la-anada-de-2020","status":"publish","type":"post","link":"https:\/\/www.tucomarca.com\/wordpress\/segunda\/la-do-valencia-da-la-calificacion-de-excelente-a-la-anada-de-2020\/","title":{"rendered":"La DO Valencia da la calificaci\u00f3n de \u201cexcelente\u201d a la a\u00f1ada de 2020"},"content":{"rendered":"\n<h4 class=\"wp-block-heading\">La elevada calidad de los vinos favorecer\u00e1 su comercializaci\u00f3n<\/h4>\n\n\n\n<p>El Consejo Regulador de la Denominaci\u00f3n de Origen Protegida Valencia ha calificado de \u201cExcelente\u201d la a\u00f1ada 2020, tras la evaluaci\u00f3n de los vinos de las diferentes subzonas de esta denominaci\u00f3n, por parte de sus en\u00f3logos.<\/p>\n\n\n\n<p>Para el presidente de la DOP Valencia, Cosme Guti\u00e9rrez,&nbsp; se trata de una magn\u00edfica noticia \u201cya que desde 2016 no se ve\u00eda una cosecha tan excepcional\u201d. Adem\u00e1s, este a\u00f1o dado el contexto tan complicado que estamos viviendo a consecuencia de la crisis sanitaria, \u201cesta excelente calificaci\u00f3n de la a\u00f1ada, es sin duda un argumento muy positivo a la hora de comercializar nuestros vinos, que salen a la venta&nbsp; con una calidad excepcional\u201d, ha asegurado.<\/p>\n\n\n\n<p>En este sentido, cabe recordar que \u201ceste a\u00f1o la climatolog\u00eda se ha comportado de una forma muy \u00f3ptima para las vides.&nbsp; A esto se suma&nbsp; el gran trabajo de los viticultores y bodegueros, que con su esfuerzo y pasi\u00f3n han logrado que nuestros vinos salgan al mercado con una gran calidad\u201d, ha a\u00f1adido. Informa, <strong>Luis Ib\u00e1\u00f1ez.<\/strong><\/p>\n","protected":false},"excerpt":{"rendered":"<div class=\"mh-excerpt\">La elevada calidad de los vinos favorecer\u00e1 su comercializaci\u00f3n El Consejo Regulador de la Denominaci\u00f3n de Origen Protegida Valencia ha calificado de \u201cExcelente\u201d la a\u00f1ada 2020, tras la evaluaci\u00f3n de los vinos de las diferentes <a class=\"mh-excerpt-more\" href=\"https:\/\/www.tucomarca.com\/wordpress\/segunda\/la-do-valencia-da-la-calificacion-de-excelente-a-la-anada-de-2020\/\" title=\"La DO Valencia da la calificaci\u00f3n de \u201cexcelente\u201d a la a\u00f1ada de 2020\">[+] <\/a><\/div>\n","protected":false},"author":12,"featured_media":125870,"comment_status":"open","ping_status":"open","sticky":false,"template":"","format":"standard","meta":{"footnotes":""},"categories":[169,113,17,14,8,72,10,42,7,28,27,3,43,29],"tags":[13784,13785,12984,5952,10387,1407],"class_list":{"0":"post-125867","1":"post","2":"type-post","3":"status-publish","4":"format-standard","5":"has-post-thumbnail","7":"category-agricultura-la-comarca","8":"category-vinos","9":"category-cheste","10":"category-godelleta","11":"category-la-comarca","12":"category-sin-categorizar","13":"category-la-hoya","14":"category-la-ribera","15":"category-ocio-y-cultura","16":"category-requena","17":"category-requena-utiel","18":"category-seccion","19":"category-turis","20":"category-utiel","21":"tag-anada-2020","22":"tag-consejo-regulador-de-la-denominacion-de-origen-protegida-valencia","23":"tag-d-o-valencia","24":"tag-la-hoya-de-bunol-chiva","25":"tag-requena-utiel","26":"tag-ribera-alta"},"_links":{"self":[{"href":"https:\/\/www.tucomarca.com\/wordpress\/segunda\/wp-json\/wp\/v2\/posts\/125867","targetHints":{"allow":["GET"]}}],"collection":[{"href":"https:\/\/www.tucomarca.com\/wordpress\/segunda\/wp-json\/wp\/v2\/posts"}],"about":[{"href":"https:\/\/www.tucomarca.com\/wordpress\/segunda\/wp-json\/wp\/v2\/types\/post"}],"author":[{"embeddable":true,"href":"https:\/\/www.tucomarca.com\/wordpress\/segunda\/wp-json\/wp\/v2\/users\/12"}],"replies":[{"embeddable":true,"href":"https:\/\/www.tucomarca.com\/wordpress\/segunda\/wp-json\/wp\/v2\/comments?post=125867"}],"version-history":[{"count":0,"href":"https:\/\/www.tucomarca.com\/wordpress\/segunda\/wp-json\/wp\/v2\/posts\/125867\/revisions"}],"wp:featuredmedia":[{"embeddable":true,"href":"https:\/\/www.tucomarca.com\/wordpress\/segunda\/wp-json\/wp\/v2\/media\/125870"}],"wp:attachment":[{"href":"https:\/\/www.tucomarca.com\/wordpress\/segunda\/wp-json\/wp\/v2\/media?parent=125867"}],"wp:term":[{"taxonomy":"category","embeddable":true,"href":"https:\/\/www.tucomarca.com\/wordpress\/segunda\/wp-json\/wp\/v2\/categories?post=125867"},{"taxonomy":"post_tag","embeddable":true,"href":"https:\/\/www.tucomarca.com\/wordpress\/segunda\/wp-json\/wp\/v2\/tags?post=125867"}],"curies":[{"name":"wp","href":"https:\/\/api.w.org\/{rel}","templated":true}]}}