{"id":125960,"date":"2021-02-08T09:45:00","date_gmt":"2021-02-08T08:45:00","guid":{"rendered":"http:\/\/www.tucomarca.com\/wordpress\/segunda\/?p=125960"},"modified":"2021-02-08T22:13:16","modified_gmt":"2021-02-08T21:13:16","slug":"bienestar-social-de-bunol-informa-de-las-ayudas-sociales-para-gastos-familiares-a-personas-autonomas-en-situacion-de-cierre-y-trabajadores-en-erte-o-desempleados","status":"publish","type":"post","link":"https:\/\/www.tucomarca.com\/wordpress\/segunda\/bienestar-social-de-bunol-informa-de-las-ayudas-sociales-para-gastos-familiares-a-personas-autonomas-en-situacion-de-cierre-y-trabajadores-en-erte-o-desempleados\/","title":{"rendered":"Bienestar Social de Bu\u00f1ol informa de las ayudas sociales para gastos familiares a personas aut\u00f3nomas en situaci\u00f3n de cierre y trabajadores en ERTE o desempleados"},"content":{"rendered":"\n<p>El Ayuntamiento de Bu\u00f1ol, a trav\u00e9s de la concejal\u00eda de Bienestar Social, anuncia la puesta en marcha de ayudas sociales para gastos familiares destinadas a paliar los graves perjuicios ocasionados por el cierre de los sectores recogidos en la resoluci\u00f3n de la Conselleria de Sanidad Universal y Salud P\u00fablica de 19 de enero por la que se decret\u00f3 el cierre del sector de la hosteler\u00eda y centros deportivos fundamentalmente.<\/p>\n\n\n\n<p>Carles Xerri, responsable de esta \u00e1rea en el Consistorio bu\u00f1olense ha informado con detenimiento de estas ayudas:<\/p>\n\n\n\n<p><strong>1- Objeto de las ayudas&nbsp;<\/strong><\/p>\n\n\n\n<p>Ayudas sociales destinadas a sufragar gastos familiares y de la vivienda para trabajadores y trabajadoras aut\u00f3nomos en situaci\u00f3n de cierre total de sus negocios. Estas ayudas se conceder\u00e1n para hacer frente al mantenimiento y sustento de la familia y la vivienda, tales como:<\/p>\n\n\n\n<p>-Pago de alquileres, hipotecas, pagos de suministros b\u00e1sicos energ\u00e9ticos, as\u00ed como la adquisici\u00f3n de alimentos, productos sanitarios u otros de an\u00e1logas caracter\u00edsticas.<\/p>\n\n\n\n<p><strong>2- Importe de las ayudas&nbsp;<\/strong><\/p>\n\n\n\n<p>El importe de estas ayudas ser\u00e1 de 300 euros por solicitud, m\u00e1s 50 euros por cada miembro de la unidad familiar. La ayuda se abonar\u00e1 mediante transferencia bancaria.<\/p>\n\n\n\n<p><strong>Ejemplo: <\/strong>Un aut\u00f3nomo\/a en el que la unidad familiar o de convivencia est\u00e9 compuesta \u00fanicamente por el solicitante=300 euros, y en el caso de que haya m\u00e1s miembros la ayuda se incrementar\u00e1 en 50 euros por cada uno de los miembros, es decir, solicitante m\u00e1s una persona=350 euros y as\u00ed sucesivamente.&nbsp;<\/p>\n\n\n\n<p><strong>3-Beneficiarios de las ayudas<\/strong><\/p>\n\n\n\n<p>Podr\u00e1n solicitar las ayudas los aut\u00f3nomos y los trabajadores y trabajadoras de los establecimientos que se encuentren en situaci\u00f3n de cierre de sus establecimientos como consecuencia de la <strong><em>resoluci\u00f3n de 19 de enero de 2021, de la Conselleria de Sanidad Universal y Salud P\u00fablica, por la que se establecen medidas excepcionales y adicionales en el \u00e1mbito de la Comunitat Valenciana como consecuencia del agravamiento de la<\/em> <em>situaci\u00f3n de<\/em><\/strong><strong><em>crisis sanitaria ocasionada por la COVID-19.<\/em><\/strong> Es decir, <strong>cerrados<\/strong> <strong>a partir del 21 de enero de 2021<\/strong>, y adem\u00e1s cuenten con un \u00fanico ingreso derivado de la actividad comercial o, en el caso de contar con m\u00e1s de un ingreso en la unidad familiar este no sea suficiente para hacer frente a los gastos familiares y de la vivienda.&nbsp;<\/p>\n\n\n\n<p><strong>4- Solicitudes<\/strong><\/p>\n\n\n\n<p>Las personas interesadas deber\u00e1n dirigirse a los Servicios Sociales Municipales llamando por tel\u00e9fono para solicitar <strong>cita previa al 96 250 30 85 <\/strong>donde se informar\u00e1 de toda la documentaci\u00f3n a aportar y la forma de hacerlo para posteriormente presentar la solicitud por registro de entrada en el ayuntamiento de Bu\u00f1ol en el modelo normalizado. Dichas ayudas podr\u00e1n solicitarse a partir de ma\u00f1ana <strong>martes 9 de febrero de 2021.<\/strong><\/p>\n","protected":false},"excerpt":{"rendered":"<div class=\"mh-excerpt\">El Ayuntamiento de Bu\u00f1ol, a trav\u00e9s de la concejal\u00eda de Bienestar Social, anuncia la puesta en marcha de ayudas sociales para gastos familiares destinadas a paliar los graves perjuicios ocasionados por el cierre de los <a class=\"mh-excerpt-more\" href=\"https:\/\/www.tucomarca.com\/wordpress\/segunda\/bienestar-social-de-bunol-informa-de-las-ayudas-sociales-para-gastos-familiares-a-personas-autonomas-en-situacion-de-cierre-y-trabajadores-en-erte-o-desempleados\/\" title=\"Bienestar Social de Bu\u00f1ol informa de las ayudas sociales para gastos familiares a personas aut\u00f3nomas en situaci\u00f3n de cierre y trabajadores en ERTE o desempleados\">[+] <\/a><\/div>\n","protected":false},"author":12,"featured_media":105459,"comment_status":"open","ping_status":"open","sticky":false,"template":"","format":"standard","meta":{"footnotes":""},"categories":[18,12201,128,8,10,142,3,116],"tags":[1728,10385,11937,11938,5952],"class_list":{"0":"post-125960","1":"post","2":"type-post","3":"status-publish","4":"format-standard","5":"has-post-thumbnail","7":"category-bunol","8":"category-covid-19","9":"category-infraestructuras","10":"category-la-comarca","11":"category-la-hoya","12":"category-politica-la-comarca","13":"category-seccion","14":"category-sucesos-la-comarca","15":"tag-bienestar-social","16":"tag-bunol","17":"tag-coronavirus","18":"tag-covid-19","19":"tag-la-hoya-de-bunol-chiva"},"_links":{"self":[{"href":"https:\/\/www.tucomarca.com\/wordpress\/segunda\/wp-json\/wp\/v2\/posts\/125960","targetHints":{"allow":["GET"]}}],"collection":[{"href":"https:\/\/www.tucomarca.com\/wordpress\/segunda\/wp-json\/wp\/v2\/posts"}],"about":[{"href":"https:\/\/www.tucomarca.com\/wordpress\/segunda\/wp-json\/wp\/v2\/types\/post"}],"author":[{"embeddable":true,"href":"https:\/\/www.tucomarca.com\/wordpress\/segunda\/wp-json\/wp\/v2\/users\/12"}],"replies":[{"embeddable":true,"href":"https:\/\/www.tucomarca.com\/wordpress\/segunda\/wp-json\/wp\/v2\/comments?post=125960"}],"version-history":[{"count":0,"href":"https:\/\/www.tucomarca.com\/wordpress\/segunda\/wp-json\/wp\/v2\/posts\/125960\/revisions"}],"wp:featuredmedia":[{"embeddable":true,"href":"https:\/\/www.tucomarca.com\/wordpress\/segunda\/wp-json\/wp\/v2\/media\/105459"}],"wp:attachment":[{"href":"https:\/\/www.tucomarca.com\/wordpress\/segunda\/wp-json\/wp\/v2\/media?parent=125960"}],"wp:term":[{"taxonomy":"category","embeddable":true,"href":"https:\/\/www.tucomarca.com\/wordpress\/segunda\/wp-json\/wp\/v2\/categories?post=125960"},{"taxonomy":"post_tag","embeddable":true,"href":"https:\/\/www.tucomarca.com\/wordpress\/segunda\/wp-json\/wp\/v2\/tags?post=125960"}],"curies":[{"name":"wp","href":"https:\/\/api.w.org\/{rel}","templated":true}]}}