{"id":1260,"date":"2012-05-10T18:28:16","date_gmt":"2012-05-10T18:28:16","guid":{"rendered":"http:\/\/www.tucomarca.com\/wordpress\/segunda\/?p=1260"},"modified":"2012-05-10T18:31:02","modified_gmt":"2012-05-10T18:31:02","slug":"valencia-terra-i-mar-ofrece-un-recorrido-turistico-en-betera","status":"publish","type":"post","link":"https:\/\/www.tucomarca.com\/wordpress\/segunda\/valencia-terra-i-mar-ofrece-un-recorrido-turistico-en-betera\/","title":{"rendered":"Val\u00e8ncia, Terra i Mar ofrece un recorrido tur\u00edstico en B\u00e9tera"},"content":{"rendered":"<figure id=\"attachment_1261\" aria-describedby=\"caption-attachment-1261\" style=\"width: 300px\" class=\"wp-caption alignleft\"><a href=\"https:\/\/www.tucomarca.com\/wordpress\/segunda\/wp-content\/uploads\/2012\/05\/Castillo.jpg\"><img loading=\"lazy\" decoding=\"async\" class=\"size-medium wp-image-1261 \" title=\"Castillo\" src=\"https:\/\/www.tucomarca.com\/wordpress\/segunda\/wp-content\/uploads\/2012\/05\/Castillo-300x200.jpg\" alt=\"Una imagen de la fortaleza amurallada de B\u00e9tera.\" width=\"300\" height=\"200\" srcset=\"https:\/\/www.tucomarca.com\/wordpress\/segunda\/wp-content\/uploads\/2012\/05\/Castillo-300x200.jpg 300w, https:\/\/www.tucomarca.com\/wordpress\/segunda\/wp-content\/uploads\/2012\/05\/Castillo-1024x682.jpg 1024w, https:\/\/www.tucomarca.com\/wordpress\/segunda\/wp-content\/uploads\/2012\/05\/Castillo.jpg 1134w\" sizes=\"auto, (max-width: 300px) 100vw, 300px\" \/><\/a><figcaption id=\"caption-attachment-1261\" class=\"wp-caption-text\">Una imagen de la fortaleza amurallada de B\u00e9tera.<\/figcaption><\/figure>\n<p>El Patronato Provincial de Turismo Val\u00e8ncia, Terra i Mar y Ferrocarrils de la Generalitat Valenciana, FGV ofrecen este s\u00e1bado 12 de mayo un recorrido tur\u00edstico en B\u00e9tera.<\/p>\n<p>La metro-ruta saldr\u00e1 desde la estaci\u00f3n de Metrovalencia de \u00c0ngel Guimer\u00e0, a las 9,30 horas, hacia el municipio de B\u00e9tera, donde se recorrer\u00e1n los lugares m\u00e1s emblem\u00e1ticos del casco urbano del municipio. Concretamente, el itinerario visitar\u00e1 la Casa Nebot, el Calvario, la Ermita de la Divina Pastora, el Pante\u00f3n del Marqu\u00e9s de Dos Aguas, la masia \u201cLa Barraca\u201d, el Castillo de origen andalus\u00ed, el ayuntamiento viejo, la iglesia parroquial de la Pur\u00edsima Concepci\u00f3n, les Coves de Mallorca y \u201cHort de Les Alf\u00e0begues\u201d.<\/p>\n<p>Las metro-rutas ofrecen, a trav\u00e9s del uso del metro, itinerarios tur\u00edsticos a las localidades de Manises, Ll\u00edria, Paterna, Moncada, B\u00e9tera y Alm\u00e0ssera para todos los visitantes y ciudadanos de Valencia que quieran disfrutar de las localidades de la provincia de Valencia.<\/p>\n<p>Los folletos informativos se distribuyen en las oficinas de turismo de Valencia, estaciones de la red de Metrovalencia y hoteles de la ciudad de Valencia. Adem\u00e1s, la informaci\u00f3n se encuentra disponible en <a href=\"http:\/\/www.metrovalencia.com\/\">www.metrovalencia.com<\/a> y <a href=\"http:\/\/www.valenciaterraimar.org\/\">www.valenciaterraimar.org<\/a><\/p>\n<p>&nbsp;<\/p>\n<table border=\"1\" cellspacing=\"0\" cellpadding=\"0\">\n<tbody>\n<tr>\n<td width=\"144\" valign=\"top\"><strong>Fecha<\/strong><\/td>\n<td width=\"144\" valign=\"top\"><strong>Destino<\/strong><\/td>\n<td width=\"144\" valign=\"top\"><strong>Hora   salida<\/strong><\/td>\n<\/tr>\n<tr>\n<td width=\"144\" valign=\"top\">S\u00e1bado, 24 de marzo<\/td>\n<td width=\"144\" valign=\"top\">Ll\u00edria<\/td>\n<td width=\"144\" valign=\"top\">09.30 horas<\/td>\n<\/tr>\n<tr>\n<td width=\"144\" valign=\"top\">S\u00e1bado, 31 de marzo<\/td>\n<td width=\"144\" valign=\"top\">Alm\u00e0ssera<\/td>\n<td width=\"144\" valign=\"top\">10.30 horas<\/td>\n<\/tr>\n<tr>\n<td width=\"144\" valign=\"top\">S\u00e1bado, 21 de abril<\/td>\n<td width=\"144\" valign=\"top\">Manises<\/td>\n<td width=\"144\" valign=\"top\">10.30 horas<\/td>\n<\/tr>\n<tr>\n<td width=\"144\" valign=\"top\">S\u00e1bado, 28 de abril<\/td>\n<td width=\"144\" valign=\"top\">Moncada<\/td>\n<td width=\"144\" valign=\"top\">10.30 horas<\/td>\n<\/tr>\n<tr>\n<td width=\"144\" valign=\"top\">S\u00e1bado, 5 de mayo<\/td>\n<td width=\"144\" valign=\"top\">Paterna<\/td>\n<td width=\"144\" valign=\"top\">10.30 horas<\/td>\n<\/tr>\n<tr>\n<td width=\"144\" valign=\"top\">S\u00e1bado, 12 de mayo<\/td>\n<td width=\"144\" valign=\"top\">B\u00e9tera<\/td>\n<td width=\"144\" valign=\"top\">09.30 horas<\/td>\n<\/tr>\n<tr>\n<td width=\"144\" valign=\"top\">S\u00e1bado, 19 de mayo<\/td>\n<td width=\"144\" valign=\"top\">Manises<\/td>\n<td width=\"144\" valign=\"top\">10.30 horas<\/td>\n<\/tr>\n<tr>\n<td width=\"144\" valign=\"top\">S\u00e1bado, 26 de mayo<\/td>\n<td width=\"144\" valign=\"top\">Moncada<\/td>\n<td width=\"144\" valign=\"top\">10.30 horas<\/td>\n<\/tr>\n<tr>\n<td width=\"144\" valign=\"top\">S\u00e1bado, 2 de junio<\/td>\n<td width=\"144\" valign=\"top\">Manises<\/td>\n<td width=\"144\" valign=\"top\">10.30 horas<\/td>\n<\/tr>\n<tr>\n<td width=\"144\" valign=\"top\">S\u00e1bado, 9 de junio<\/td>\n<td width=\"144\" valign=\"top\">Paterna<\/td>\n<td width=\"144\" valign=\"top\">10.30 horas<\/td>\n<\/tr>\n<tr>\n<td width=\"144\" valign=\"top\">S\u00e1bado, 16 de junio<\/td>\n<td width=\"144\" valign=\"top\">B\u00e9tera<\/td>\n<td width=\"144\" valign=\"top\">09.30 horas<\/td>\n<\/tr>\n<tr>\n<td width=\"144\" valign=\"top\">S\u00e1bado, 23 de junio<\/td>\n<td width=\"144\" valign=\"top\">Ll\u00edria<\/td>\n<td width=\"144\" valign=\"top\">09.30 horas<\/td>\n<\/tr>\n<tr>\n<td width=\"144\" valign=\"top\">S\u00e1bado, 14 de julio<\/td>\n<td width=\"144\" valign=\"top\">Manises<\/td>\n<td width=\"144\" valign=\"top\">18.00 horas<\/td>\n<\/tr>\n<\/tbody>\n<\/table>\n","protected":false},"excerpt":{"rendered":"<div class=\"mh-excerpt\">El Patronato Provincial de Turismo Val\u00e8ncia, Terra i Mar y Ferrocarrils de la Generalitat Valenciana, FGV ofrecen este s\u00e1bado 12 de mayo un recorrido tur\u00edstico en B\u00e9tera. La metro-ruta saldr\u00e1 desde la estaci\u00f3n de Metrovalencia <a class=\"mh-excerpt-more\" href=\"https:\/\/www.tucomarca.com\/wordpress\/segunda\/valencia-terra-i-mar-ofrece-un-recorrido-turistico-en-betera\/\" title=\"Val\u00e8ncia, Terra i Mar ofrece un recorrido tur\u00edstico en B\u00e9tera\">[+] <\/a><\/div>\n","protected":false},"author":1,"featured_media":1261,"comment_status":"open","ping_status":"open","sticky":false,"template":"","format":"standard","meta":{"footnotes":""},"categories":[51,46,8,47,3,45],"tags":[],"class_list":{"0":"post-1260","1":"post","2":"type-post","3":"status-publish","4":"format-standard","5":"has-post-thumbnail","7":"category-betera","8":"category-camp-de-turia","9":"category-la-comarca","10":"category-lliria","11":"category-seccion","12":"category-ventana"},"_links":{"self":[{"href":"https:\/\/www.tucomarca.com\/wordpress\/segunda\/wp-json\/wp\/v2\/posts\/1260","targetHints":{"allow":["GET"]}}],"collection":[{"href":"https:\/\/www.tucomarca.com\/wordpress\/segunda\/wp-json\/wp\/v2\/posts"}],"about":[{"href":"https:\/\/www.tucomarca.com\/wordpress\/segunda\/wp-json\/wp\/v2\/types\/post"}],"author":[{"embeddable":true,"href":"https:\/\/www.tucomarca.com\/wordpress\/segunda\/wp-json\/wp\/v2\/users\/1"}],"replies":[{"embeddable":true,"href":"https:\/\/www.tucomarca.com\/wordpress\/segunda\/wp-json\/wp\/v2\/comments?post=1260"}],"version-history":[{"count":0,"href":"https:\/\/www.tucomarca.com\/wordpress\/segunda\/wp-json\/wp\/v2\/posts\/1260\/revisions"}],"wp:featuredmedia":[{"embeddable":true,"href":"https:\/\/www.tucomarca.com\/wordpress\/segunda\/wp-json\/wp\/v2\/media\/1261"}],"wp:attachment":[{"href":"https:\/\/www.tucomarca.com\/wordpress\/segunda\/wp-json\/wp\/v2\/media?parent=1260"}],"wp:term":[{"taxonomy":"category","embeddable":true,"href":"https:\/\/www.tucomarca.com\/wordpress\/segunda\/wp-json\/wp\/v2\/categories?post=1260"},{"taxonomy":"post_tag","embeddable":true,"href":"https:\/\/www.tucomarca.com\/wordpress\/segunda\/wp-json\/wp\/v2\/tags?post=1260"}],"curies":[{"name":"wp","href":"https:\/\/api.w.org\/{rel}","templated":true}]}}