{"id":126045,"date":"2021-02-09T11:00:00","date_gmt":"2021-02-09T10:00:00","guid":{"rendered":"http:\/\/www.tucomarca.com\/wordpress\/segunda\/?p=126045"},"modified":"2021-02-09T21:37:24","modified_gmt":"2021-02-09T20:37:24","slug":"mas-de-1-120-familias-de-utiel-se-benefician-de-la-campana-de-vales-descuento-de-mi-cuenta-ambiental-del-consorcio","status":"publish","type":"post","link":"https:\/\/www.tucomarca.com\/wordpress\/segunda\/mas-de-1-120-familias-de-utiel-se-benefician-de-la-campana-de-vales-descuento-de-mi-cuenta-ambiental-del-consorcio\/","title":{"rendered":"M\u00e1s de 1.120 familias de Utiel se benefician de la campa\u00f1a de vales descuento de mi Cuenta Ambiental del Consorcio"},"content":{"rendered":"\n<h4 class=\"wp-block-heading\">El Consorcio Valencia Interior ha entregado 14.115 euros en tiques que la ciudadan\u00eda ha canjeado en m\u00e1s de 120 comercios locales<\/h4>\n\n\n\n<p>El Consorcio Valencia Interior (CVI) ha finalizado con \u00e9xito la campa\u00f1a de Mi Cuenta Ambiental en Utiel donde se han entregado un total de 2.823 vales descuento a 1.121 familias de la localidad. En total, el CVI ha entregado 14.115 euros que han aliviado la econom\u00eda de la ciudadan\u00eda de Utiel en plena campa\u00f1a navide\u00f1a.&nbsp;<\/p>\n\n\n\n<p>De esta manera, se pretende premiar el esfuerzo de la ciudadan\u00eda que ha reciclado correctamente durante el a\u00f1o, gracias a la campa\u00f1a mi Cuenta Ambiental. Los vecinos y vecinas que han ido depositando durante el a\u00f1o los residuos en el ecoparque y el ecom\u00f3vil adecuadamente, son los beneficiarios de los vales descuento de la campa\u00f1a. Con los tiques entregados se ha podido pagar en m\u00e1s de 120 establecimientos de Utiel adheridos a la campa\u00f1a.&nbsp;<\/p>\n\n\n\n<p>Este a\u00f1o, la campa\u00f1a tiene una particularidad debido al COVID-19. Por ello, se estableci\u00f3 una cita previa para que los vecinos y vecinas pudieran recoger sus vales con comodidad y sin aglomeraciones y respetando todas las medidas de seguridad.&nbsp;<\/p>\n\n\n\n<p>Para informar a la ciudadan\u00eda sobre la recogida de vales se desarrollaron durante el mes de diciembre tres acciones de educaci\u00f3n ambiental en la plaza Puerta del Sol de Utiel con la intenci\u00f3n de que toda la informaci\u00f3n de la campa\u00f1a llegase adecuadamente&nbsp;a la ciudadan\u00eda.<\/p>\n\n\n\n<p>La iniciativa comercial de la campa\u00f1a mi Cuenta Ambiental est\u00e1 consolidada y con ella se pretende unir el buen comportamiento medioambiental con el impulso al comercio local. Y es que los comerciantes llevan a\u00f1os colaborando activamente con esta tarea de reconocimiento a las personas de Utiel que ayudan a conseguir mejores resultados medioambientales en las instalaciones de valorizaci\u00f3n de residuos dom\u00e9sticos del Consorcio Valencia Interior.<\/p>\n","protected":false},"excerpt":{"rendered":"<div class=\"mh-excerpt\">El Consorcio Valencia Interior ha entregado 14.115 euros en tiques que la ciudadan\u00eda ha canjeado en m\u00e1s de 120 comercios locales El Consorcio Valencia Interior (CVI) ha finalizado con \u00e9xito la campa\u00f1a de Mi Cuenta <a class=\"mh-excerpt-more\" href=\"https:\/\/www.tucomarca.com\/wordpress\/segunda\/mas-de-1-120-familias-de-utiel-se-benefician-de-la-campana-de-vales-descuento-de-mi-cuenta-ambiental-del-consorcio\/\" title=\"M\u00e1s de 1.120 familias de Utiel se benefician de la campa\u00f1a de vales descuento de mi Cuenta Ambiental del Consorcio\">[+] <\/a><\/div>\n","protected":false},"author":12,"featured_media":126046,"comment_status":"open","ping_status":"open","sticky":false,"template":"","format":"standard","meta":{"footnotes":""},"categories":[12201,128,8,117,27,3,29,45],"tags":[417,11937,11938,10220,1768,10389,1987],"class_list":{"0":"post-126045","1":"post","2":"type-post","3":"status-publish","4":"format-standard","5":"has-post-thumbnail","7":"category-covid-19","8":"category-infraestructuras","9":"category-la-comarca","10":"category-medio-ambiente-la-comarca","11":"category-requena-utiel","12":"category-seccion","13":"category-utiel","14":"category-ventana","15":"tag-consorcio-valencia-interior","16":"tag-coronavirus","17":"tag-covid-19","18":"tag-cvi","19":"tag-mi-cuenta-ambiental","20":"tag-utiel","21":"tag-utiel-requena"},"_links":{"self":[{"href":"https:\/\/www.tucomarca.com\/wordpress\/segunda\/wp-json\/wp\/v2\/posts\/126045","targetHints":{"allow":["GET"]}}],"collection":[{"href":"https:\/\/www.tucomarca.com\/wordpress\/segunda\/wp-json\/wp\/v2\/posts"}],"about":[{"href":"https:\/\/www.tucomarca.com\/wordpress\/segunda\/wp-json\/wp\/v2\/types\/post"}],"author":[{"embeddable":true,"href":"https:\/\/www.tucomarca.com\/wordpress\/segunda\/wp-json\/wp\/v2\/users\/12"}],"replies":[{"embeddable":true,"href":"https:\/\/www.tucomarca.com\/wordpress\/segunda\/wp-json\/wp\/v2\/comments?post=126045"}],"version-history":[{"count":0,"href":"https:\/\/www.tucomarca.com\/wordpress\/segunda\/wp-json\/wp\/v2\/posts\/126045\/revisions"}],"wp:featuredmedia":[{"embeddable":true,"href":"https:\/\/www.tucomarca.com\/wordpress\/segunda\/wp-json\/wp\/v2\/media\/126046"}],"wp:attachment":[{"href":"https:\/\/www.tucomarca.com\/wordpress\/segunda\/wp-json\/wp\/v2\/media?parent=126045"}],"wp:term":[{"taxonomy":"category","embeddable":true,"href":"https:\/\/www.tucomarca.com\/wordpress\/segunda\/wp-json\/wp\/v2\/categories?post=126045"},{"taxonomy":"post_tag","embeddable":true,"href":"https:\/\/www.tucomarca.com\/wordpress\/segunda\/wp-json\/wp\/v2\/tags?post=126045"}],"curies":[{"name":"wp","href":"https:\/\/api.w.org\/{rel}","templated":true}]}}