{"id":126548,"date":"2021-02-16T19:00:00","date_gmt":"2021-02-16T18:00:00","guid":{"rendered":"http:\/\/www.tucomarca.com\/wordpress\/segunda\/?p=126548"},"modified":"2021-02-16T21:02:18","modified_gmt":"2021-02-16T20:02:18","slug":"vilamarxant-comunica-oficialmente-la-suspension-de-las-fallas-en-la-localidad","status":"publish","type":"post","link":"https:\/\/www.tucomarca.com\/wordpress\/segunda\/vilamarxant-comunica-oficialmente-la-suspension-de-las-fallas-en-la-localidad\/","title":{"rendered":"Vilamarxant comunica oficialmente la suspensi\u00f3n de las Fallas en la localidad"},"content":{"rendered":"\n<p><strong>Comunicat oficial sobre l&#8217;ajornament de les Falles 2021 a Vilamarxant<\/strong><\/p>\n\n\n\n<p>El Regidor de Cultura de l&#8217;Ajuntament de Vilamarxant, Miguel Navarro, i els presidents Fernando Engu\u00eddanos, de la Falla El Colp, Jes\u00fas Quintanilla, de Pensat i Fet, i Javier P\u00e9rez, d\u2019El Pilar, han decidit l&#8217;ajornament de les Falles a Vilamarxant que estaven previstes per al pr\u00f2xim mes de mar\u00e7.<\/p>\n\n\n\n<p>La delicada situaci\u00f3 epidemiol\u00f2gica en la qual es troba el municipi fa necess\u00e0ria esta decisi\u00f3 de la suspensi\u00f3 de les festes falleres. Davant tal escenari, els responsables municipals estudiaran, si les circumst\u00e0ncies milloren, la celebraci\u00f3 de les Falles en altres dates al llarg d&#8217;este any 2021.<\/p>\n\n\n\n<p>L&#8217;Ajuntament de Vilamarxant convida a totes les ve\u00efnes i ve\u00efns i, especialment, al m\u00f3n faller de la localitat a resistir en estos moments complicats provocats per l&#8217;explosi\u00f3 de la COVID-19.<\/p>\n\n\n\n<p><strong>Comunicado oficial sobre el aplazamiento de las Fallas 2021 en Vilamarxant<\/strong><\/p>\n\n\n\n<p>El Concejal de Cultura del Ayuntamiento de Vilamarxant, Miguel Navarro, y los presidentes Fernando Engu\u00eddanos, de la Falla El Colp, Jes\u00fas Quintanilla, de Pensat i Fet, y Javier P\u00e9rez, de El Pilar, han decidido el aplazamiento de las Fallas en Vilamarxant que estaban previstas para el pr\u00f3ximo mes de marzo.<\/p>\n\n\n\n<p>La delicada situaci\u00f3n epidemiol\u00f3gica en la que se encuentra el municipio hace necesaria esta decisi\u00f3n de la suspensi\u00f3n de las fiestas josefinas. Ante tal escenario, los responsables municipales estudiar\u00e1n, si las circunstancias mejoran, la celebraci\u00f3n de las Fallas en otras fechas a lo largo de este a\u00f1o 2021.<\/p>\n\n\n\n<p>El Ayuntamiento de Vilamarxant invita a todas las vecinas y vecinos y, especialmente, al mundo fallero de la localidad a resistir en estos momentos complicados provocados por la explosi\u00f3n de la COVID-19.<\/p>\n","protected":false},"excerpt":{"rendered":"<div class=\"mh-excerpt\">Comunicat oficial sobre l&#8217;ajornament de les Falles 2021 a Vilamarxant El Regidor de Cultura de l&#8217;Ajuntament de Vilamarxant, Miguel Navarro, i els presidents Fernando Engu\u00eddanos, de la Falla El Colp, Jes\u00fas Quintanilla, de Pensat i <a class=\"mh-excerpt-more\" href=\"https:\/\/www.tucomarca.com\/wordpress\/segunda\/vilamarxant-comunica-oficialmente-la-suspension-de-las-fallas-en-la-localidad\/\" title=\"Vilamarxant comunica oficialmente la suspensi\u00f3n de las Fallas en la localidad\">[+] <\/a><\/div>\n","protected":false},"author":1,"featured_media":126549,"comment_status":"open","ping_status":"open","sticky":false,"template":"","format":"standard","meta":{"footnotes":""},"categories":[4,46,119,12201,128,8,7,142,383,3,116,184],"tags":[10395,11937,11938,80,3328,10439],"class_list":{"0":"post-126548","1":"post","2":"type-post","3":"status-publish","4":"format-standard","5":"has-post-thumbnail","7":"category-agenda","8":"category-camp-de-turia","9":"category-sanidad-la-comarca","10":"category-covid-19","11":"category-infraestructuras","12":"category-la-comarca","13":"category-ocio-y-cultura","14":"category-politica-la-comarca","15":"category-pueblos-en-fiestas","16":"category-seccion","17":"category-sucesos-la-comarca","18":"category-vilamarxant","19":"tag-camp-de-turia","20":"tag-coronavirus","21":"tag-covid-19","22":"tag-fallas","23":"tag-falles","24":"tag-vilamarxant"},"_links":{"self":[{"href":"https:\/\/www.tucomarca.com\/wordpress\/segunda\/wp-json\/wp\/v2\/posts\/126548","targetHints":{"allow":["GET"]}}],"collection":[{"href":"https:\/\/www.tucomarca.com\/wordpress\/segunda\/wp-json\/wp\/v2\/posts"}],"about":[{"href":"https:\/\/www.tucomarca.com\/wordpress\/segunda\/wp-json\/wp\/v2\/types\/post"}],"author":[{"embeddable":true,"href":"https:\/\/www.tucomarca.com\/wordpress\/segunda\/wp-json\/wp\/v2\/users\/1"}],"replies":[{"embeddable":true,"href":"https:\/\/www.tucomarca.com\/wordpress\/segunda\/wp-json\/wp\/v2\/comments?post=126548"}],"version-history":[{"count":0,"href":"https:\/\/www.tucomarca.com\/wordpress\/segunda\/wp-json\/wp\/v2\/posts\/126548\/revisions"}],"wp:featuredmedia":[{"embeddable":true,"href":"https:\/\/www.tucomarca.com\/wordpress\/segunda\/wp-json\/wp\/v2\/media\/126549"}],"wp:attachment":[{"href":"https:\/\/www.tucomarca.com\/wordpress\/segunda\/wp-json\/wp\/v2\/media?parent=126548"}],"wp:term":[{"taxonomy":"category","embeddable":true,"href":"https:\/\/www.tucomarca.com\/wordpress\/segunda\/wp-json\/wp\/v2\/categories?post=126548"},{"taxonomy":"post_tag","embeddable":true,"href":"https:\/\/www.tucomarca.com\/wordpress\/segunda\/wp-json\/wp\/v2\/tags?post=126548"}],"curies":[{"name":"wp","href":"https:\/\/api.w.org\/{rel}","templated":true}]}}