{"id":126767,"date":"2021-02-19T11:30:00","date_gmt":"2021-02-19T10:30:00","guid":{"rendered":"http:\/\/www.tucomarca.com\/wordpress\/segunda\/?p=126767"},"modified":"2021-02-19T20:08:17","modified_gmt":"2021-02-19T19:08:17","slug":"xavi-pascual-nuevo-director-del-patronat-de-turisme-de-valencia","status":"publish","type":"post","link":"https:\/\/www.tucomarca.com\/wordpress\/segunda\/xavi-pascual-nuevo-director-del-patronat-de-turisme-de-valencia\/","title":{"rendered":"Xavi Pascual, nuevo director del Patronat de Turisme de Val\u00e8ncia"},"content":{"rendered":"\n<p>El Patronato Provincial de Turismo de Valencia contar\u00e1 en adelante con Xavi Pascual Soler como director de la entidad, que estar\u00e1 \u00abal frente de la nueva estrategia que sigue el organismo aut\u00f3nomo de la Diputaci\u00f3n de Valencia desde de 2019\u00bb, seg\u00fan anunci\u00f3 hoy el diputado de Turismo, Jordi Mayor. <\/p>\n\n\n\n<p>Xavi Pascual asume el cargo tras ejercer numerosas funciones en Turismo de la Diputaci\u00f3n de Valencia desde 1998 y participar en las tareas directivas junto a su predecesor en el cargo, Evarist Caselles, quien se ha incorporado al Consorcio de la Marina. <\/p>\n\n\n\n<p>El nombramiento de un miembro de la plantilla del organismo de la Diputaci\u00f3n de Valencia es \u00abfruto de la confianza en los trabajadores del Patronato y su calidad profesional\u00bb, asegur\u00f3 el diputado. <\/p>\n\n\n\n<p>El nuevo director dar\u00e1 continuidad a la estrategia de Valencia Turismo en el sector tur\u00edstico desde hace m\u00e1s de un a\u00f1o, marcada principalmente por una nueva imagen gr\u00e1fica, un nuevo concepto de subvenciones directas tras su adhesi\u00f3n al Fondo de Cooperaci\u00f3n Tur\u00edstico y la m\u00e1xima colaboraci\u00f3n con otras instituciones en beneficio del sector en la provincia de Valencia, adem\u00e1s de la apuesta decidida por la sostenibilidad e inteligencia tur\u00edsticas.<\/p>\n","protected":false},"excerpt":{"rendered":"<div class=\"mh-excerpt\">El Patronato Provincial de Turismo de Valencia contar\u00e1 en adelante con Xavi Pascual Soler como director de la entidad, que estar\u00e1 \u00abal frente de la nueva estrategia que sigue el organismo aut\u00f3nomo de la Diputaci\u00f3n <a class=\"mh-excerpt-more\" href=\"https:\/\/www.tucomarca.com\/wordpress\/segunda\/xavi-pascual-nuevo-director-del-patronat-de-turisme-de-valencia\/\" title=\"Xavi Pascual, nuevo director del Patronat de Turisme de Val\u00e8ncia\">[+] <\/a><\/div>\n","protected":false},"author":12,"featured_media":126771,"comment_status":"open","ping_status":"open","sticky":false,"template":"","format":"standard","meta":{"footnotes":""},"categories":[8,72,7,142,3,45],"tags":[3677,10697,10672,13917],"class_list":{"0":"post-126767","1":"post","2":"type-post","3":"status-publish","4":"format-standard","5":"has-post-thumbnail","7":"category-la-comarca","8":"category-sin-categorizar","9":"category-ocio-y-cultura","10":"category-politica-la-comarca","11":"category-seccion","12":"category-ventana","13":"tag-diputacio-de-valencia","14":"tag-patronat-de-turisme-de-valencia","15":"tag-patronato-de-turismo","16":"tag-xavi-pascual"},"_links":{"self":[{"href":"https:\/\/www.tucomarca.com\/wordpress\/segunda\/wp-json\/wp\/v2\/posts\/126767","targetHints":{"allow":["GET"]}}],"collection":[{"href":"https:\/\/www.tucomarca.com\/wordpress\/segunda\/wp-json\/wp\/v2\/posts"}],"about":[{"href":"https:\/\/www.tucomarca.com\/wordpress\/segunda\/wp-json\/wp\/v2\/types\/post"}],"author":[{"embeddable":true,"href":"https:\/\/www.tucomarca.com\/wordpress\/segunda\/wp-json\/wp\/v2\/users\/12"}],"replies":[{"embeddable":true,"href":"https:\/\/www.tucomarca.com\/wordpress\/segunda\/wp-json\/wp\/v2\/comments?post=126767"}],"version-history":[{"count":0,"href":"https:\/\/www.tucomarca.com\/wordpress\/segunda\/wp-json\/wp\/v2\/posts\/126767\/revisions"}],"wp:featuredmedia":[{"embeddable":true,"href":"https:\/\/www.tucomarca.com\/wordpress\/segunda\/wp-json\/wp\/v2\/media\/126771"}],"wp:attachment":[{"href":"https:\/\/www.tucomarca.com\/wordpress\/segunda\/wp-json\/wp\/v2\/media?parent=126767"}],"wp:term":[{"taxonomy":"category","embeddable":true,"href":"https:\/\/www.tucomarca.com\/wordpress\/segunda\/wp-json\/wp\/v2\/categories?post=126767"},{"taxonomy":"post_tag","embeddable":true,"href":"https:\/\/www.tucomarca.com\/wordpress\/segunda\/wp-json\/wp\/v2\/tags?post=126767"}],"curies":[{"name":"wp","href":"https:\/\/api.w.org\/{rel}","templated":true}]}}