{"id":126856,"date":"2021-02-20T11:00:00","date_gmt":"2021-02-20T10:00:00","guid":{"rendered":"http:\/\/www.tucomarca.com\/wordpress\/segunda\/?p=126856"},"modified":"2021-02-21T11:52:56","modified_gmt":"2021-02-21T10:52:56","slug":"comienza-el-segundo-reparto-de-mascarillas-para-la-poblacion-en-cheste","status":"publish","type":"post","link":"https:\/\/www.tucomarca.com\/wordpress\/segunda\/comienza-el-segundo-reparto-de-mascarillas-para-la-poblacion-en-cheste\/","title":{"rendered":"Comienza el segundo reparto de mascarillas para la poblaci\u00f3n en Cheste"},"content":{"rendered":"\n<p>Desde la Concejal\u00eda de Servicios se ha informado de que el pr\u00f3ximo jueves, 25 de febrero, comenzar\u00e1 el reparto de 15.000 mascarillas de tipo FFP2 para la poblaci\u00f3n en la oficina de Turismo, en horario de lunes a viernes, de 9:00 a 14:00 y martes de 17:00 a 19:00.<\/p>\n\n\n\n<p>Esta tanda de mascarillas se suma al reparto anterior, iniciado el pasado 11 de enero, sumando as\u00ed un total de 30.000 mascarillas para la poblaci\u00f3n. \u201cCada vivienda recibir\u00e1 cinco mascarillas, de nuevo hemos optado por que las personas se presenten con su carnet de identidad y recojan personalmente las mascarillas en la oficina de Turismo, ya que cuando se repartieron por buzoneo algunas mascarillas fueron robadas de los buzones\u201d, explica el concejal de Servicios, Jos\u00e9 Vicente Guijarro.<\/p>\n\n\n\n<p>Todas aquellas personas que vayan a recoger las mascarillas en nombre de otras, deber\u00e1n entregar una autorizaci\u00f3n en la que conste el n\u00famero del DNI y la firma del ciudadano o la ciudadana a la que representan. \u201cEst\u00e1n descendiendo poco a poco los contagios en Cheste, pero igualmente tenemos que mantener las medidas sanitarias y llevar mascarilla es una de ellas\u201d, apunta el concejal.<\/p>\n","protected":false},"excerpt":{"rendered":"<div class=\"mh-excerpt\">Desde la Concejal\u00eda de Servicios se ha informado de que el pr\u00f3ximo jueves, 25 de febrero, comenzar\u00e1 el reparto de 15.000 mascarillas de tipo FFP2 para la poblaci\u00f3n en la oficina de Turismo, en horario <a class=\"mh-excerpt-more\" href=\"https:\/\/www.tucomarca.com\/wordpress\/segunda\/comienza-el-segundo-reparto-de-mascarillas-para-la-poblacion-en-cheste\/\" title=\"Comienza el segundo reparto de mascarillas para la poblaci\u00f3n en Cheste\">[+] <\/a><\/div>\n","protected":false},"author":12,"featured_media":123005,"comment_status":"open","ping_status":"open","sticky":false,"template":"","format":"standard","meta":{"footnotes":""},"categories":[119,17,12201,128,8,10,142,3],"tags":[339,11937,11938,5952],"class_list":{"0":"post-126856","1":"post","2":"type-post","3":"status-publish","4":"format-standard","5":"has-post-thumbnail","7":"category-sanidad-la-comarca","8":"category-cheste","9":"category-covid-19","10":"category-infraestructuras","11":"category-la-comarca","12":"category-la-hoya","13":"category-politica-la-comarca","14":"category-seccion","15":"tag-cheste-2","16":"tag-coronavirus","17":"tag-covid-19","18":"tag-la-hoya-de-bunol-chiva"},"_links":{"self":[{"href":"https:\/\/www.tucomarca.com\/wordpress\/segunda\/wp-json\/wp\/v2\/posts\/126856","targetHints":{"allow":["GET"]}}],"collection":[{"href":"https:\/\/www.tucomarca.com\/wordpress\/segunda\/wp-json\/wp\/v2\/posts"}],"about":[{"href":"https:\/\/www.tucomarca.com\/wordpress\/segunda\/wp-json\/wp\/v2\/types\/post"}],"author":[{"embeddable":true,"href":"https:\/\/www.tucomarca.com\/wordpress\/segunda\/wp-json\/wp\/v2\/users\/12"}],"replies":[{"embeddable":true,"href":"https:\/\/www.tucomarca.com\/wordpress\/segunda\/wp-json\/wp\/v2\/comments?post=126856"}],"version-history":[{"count":0,"href":"https:\/\/www.tucomarca.com\/wordpress\/segunda\/wp-json\/wp\/v2\/posts\/126856\/revisions"}],"wp:featuredmedia":[{"embeddable":true,"href":"https:\/\/www.tucomarca.com\/wordpress\/segunda\/wp-json\/wp\/v2\/media\/123005"}],"wp:attachment":[{"href":"https:\/\/www.tucomarca.com\/wordpress\/segunda\/wp-json\/wp\/v2\/media?parent=126856"}],"wp:term":[{"taxonomy":"category","embeddable":true,"href":"https:\/\/www.tucomarca.com\/wordpress\/segunda\/wp-json\/wp\/v2\/categories?post=126856"},{"taxonomy":"post_tag","embeddable":true,"href":"https:\/\/www.tucomarca.com\/wordpress\/segunda\/wp-json\/wp\/v2\/tags?post=126856"}],"curies":[{"name":"wp","href":"https:\/\/api.w.org\/{rel}","templated":true}]}}