{"id":126864,"date":"2021-02-20T13:18:00","date_gmt":"2021-02-20T12:18:00","guid":{"rendered":"http:\/\/www.tucomarca.com\/wordpress\/segunda\/?p=126864"},"modified":"2021-02-21T17:11:13","modified_gmt":"2021-02-21T16:11:13","slug":"la-comunitat-valenciana-registra-1-155-nuevos-casos-de-coronavirus-1-927-altas-y-65-fallecimientos","status":"publish","type":"post","link":"https:\/\/www.tucomarca.com\/wordpress\/segunda\/la-comunitat-valenciana-registra-1-155-nuevos-casos-de-coronavirus-1-927-altas-y-65-fallecimientos\/","title":{"rendered":"La Comunitat Valenciana registra 1.155 nuevos casos de coronavirus, 1.927 altas y 65 fallecimientos"},"content":{"rendered":"\n<h4 class=\"wp-block-heading\">Nuevos positivos por provincias: 143 en Castell\u00f3n, 441 en Alicante y 571 en la provincia de Valencia<\/h4>\n\n\n\n<p>La Comunitat Valenciana ha registrado 1.155 casos nuevos de coronavirus confirmados por prueba PCR o a trav\u00e9s de test de ant\u00edgenos desde la \u00faltima actualizaci\u00f3n, que sit\u00faan la cifra total de positivos en 374.390 personas. Por provincias, la distribuci\u00f3n de nuevos positivos es la siguiente: 143 en Castell\u00f3n (38.306 en total), 441 en Alicante (140.743 en total) y 571 en la provincia de Valencia (195.339 en total). Se ha reasignado un caso, de manera que el n\u00famero de casos sin asignar es de 2.<\/p>\n\n\n\n<p>Desde la \u00faltima actualizaci\u00f3n se han registrado 1.927 altas a pacientes con coronavirus. De esta forma, ya son 361.966 personas en la Comunitat Valenciana las que han superado la enfermedad desde que comenz\u00f3 la pandemia. Por provincias, las altas se distribuyen del siguiente modo: 37.053 en Castell\u00f3n, 135.711 en Alicante y 189.146 en Valencia, adem\u00e1s de 56 no asignadas.<\/p>\n\n\n\n<p>Los hospitales valencianos tienen, actualmente, 1.563 personas ingresadas: 155 en la provincia de Castell\u00f3n, con 31 pacientes en UCI; 668 en la provincia de Alicante, 151 de ellos en la UCI; y 740 en la provincia de Valencia, 206 de ellos en UCI.<\/p>\n\n\n\n<p>Adem\u00e1s, se han registrado 65 fallecimientos por coronavirus desde la \u00faltima actualizaci\u00f3n, por lo que el total de defunciones desde el inicio de la pandemia es de 6.402 personas: 733 en la provincia de Castell\u00f3n, 2.400 en la de Alicante y 3.269 en la de Valencia.<\/p>\n\n\n\n<p><strong>Actualizaci\u00f3n brotes de coronavirus<\/strong><\/p>\n\n\n\n<p>Se han registrado 23 nuevos brotes desde la \u00faltima actualizaci\u00f3n. Por provincias: 12 en Alicante y 10 en Alicante y 1 en Castell\u00f3n.<\/p>\n\n\n\n<ul class=\"wp-block-list\"><li>Elche: 6 casos. \u00c1mbito educativo<\/li><li>Rojales: 3 casos. Origen laboral<\/li><li>Val\u00e8ncia: 4 casos. Origen social<\/li><li>Elche: 5 casos. \u00c1mbito educativo<\/li><li>San Isidro: 3 casos. Origen laboral<\/li><li>Val\u00e8ncia: 6 casos. Origen social<\/li><li>Alfafar: 4 casos. Origen social<\/li><li>Cox: 5 casos. Origen laboral<\/li><li>Vinar\u00f2s: 4 casos. Origen social<\/li><li>Daimuz: 7 casos. Origen laboral<\/li><li>Elda: 3 casos. \u00c1mbito educativo<\/li><li>Alfafar: 6 casos. Origen social<\/li><li>Guadassuar: 4 casos. Origen social<\/li><li>Torrevieja: 3 casos. Origen laboral<\/li><li>D\u00e9nia: 3 casos. Origen social<\/li><li>Val\u00e8ncia: 5 casos. \u00c1mbito educativo<\/li><li>Elche: 6 casos. \u00c1mbito educativo<\/li><li>Santa Pola: 4 casos. \u00c1mbito educativo<\/li><li>Orihuela: 3 casos. Origen laboral<\/li><li>Elche: 8 casos. \u00c1mbito educativo<\/li><li>Paterna: 7 casos. Origen social<\/li><li>Alzira: 4 casos. Origen social<\/li><li>Tavernes de la Valldigna: 3 casos. Origen social<\/li><\/ul>\n","protected":false},"excerpt":{"rendered":"<div class=\"mh-excerpt\">Nuevos positivos por provincias: 143 en Castell\u00f3n, 441 en Alicante y 571 en la provincia de Valencia La Comunitat Valenciana ha registrado 1.155 casos nuevos de coronavirus confirmados por prueba PCR o a trav\u00e9s de <a class=\"mh-excerpt-more\" href=\"https:\/\/www.tucomarca.com\/wordpress\/segunda\/la-comunitat-valenciana-registra-1-155-nuevos-casos-de-coronavirus-1-927-altas-y-65-fallecimientos\/\" title=\"La Comunitat Valenciana registra 1.155 nuevos casos de coronavirus, 1.927 altas y 65 fallecimientos\">[+] <\/a><\/div>\n","protected":false},"author":12,"featured_media":126486,"comment_status":"open","ping_status":"open","sticky":false,"template":"","format":"standard","meta":{"footnotes":""},"categories":[69,119,12201,128,8,72,42,117,142,3,116,45],"tags":[10402,10635,11937,11938,13475,13132,1407],"class_list":{"0":"post-126864","1":"post","2":"type-post","3":"status-publish","4":"format-standard","5":"has-post-thumbnail","7":"category-alzira","8":"category-sanidad-la-comarca","9":"category-covid-19","10":"category-infraestructuras","11":"category-la-comarca","12":"category-sin-categorizar","13":"category-la-ribera","14":"category-medio-ambiente-la-comarca","15":"category-politica-la-comarca","16":"category-seccion","17":"category-sucesos-la-comarca","18":"category-ventana","19":"tag-alzira","20":"tag-conselleria-de-sanitat","21":"tag-coronavirus","22":"tag-covid-19","23":"tag-datos-de-contagios","24":"tag-pandemia","25":"tag-ribera-alta"},"_links":{"self":[{"href":"https:\/\/www.tucomarca.com\/wordpress\/segunda\/wp-json\/wp\/v2\/posts\/126864","targetHints":{"allow":["GET"]}}],"collection":[{"href":"https:\/\/www.tucomarca.com\/wordpress\/segunda\/wp-json\/wp\/v2\/posts"}],"about":[{"href":"https:\/\/www.tucomarca.com\/wordpress\/segunda\/wp-json\/wp\/v2\/types\/post"}],"author":[{"embeddable":true,"href":"https:\/\/www.tucomarca.com\/wordpress\/segunda\/wp-json\/wp\/v2\/users\/12"}],"replies":[{"embeddable":true,"href":"https:\/\/www.tucomarca.com\/wordpress\/segunda\/wp-json\/wp\/v2\/comments?post=126864"}],"version-history":[{"count":0,"href":"https:\/\/www.tucomarca.com\/wordpress\/segunda\/wp-json\/wp\/v2\/posts\/126864\/revisions"}],"wp:featuredmedia":[{"embeddable":true,"href":"https:\/\/www.tucomarca.com\/wordpress\/segunda\/wp-json\/wp\/v2\/media\/126486"}],"wp:attachment":[{"href":"https:\/\/www.tucomarca.com\/wordpress\/segunda\/wp-json\/wp\/v2\/media?parent=126864"}],"wp:term":[{"taxonomy":"category","embeddable":true,"href":"https:\/\/www.tucomarca.com\/wordpress\/segunda\/wp-json\/wp\/v2\/categories?post=126864"},{"taxonomy":"post_tag","embeddable":true,"href":"https:\/\/www.tucomarca.com\/wordpress\/segunda\/wp-json\/wp\/v2\/tags?post=126864"}],"curies":[{"name":"wp","href":"https:\/\/api.w.org\/{rel}","templated":true}]}}