{"id":127227,"date":"2021-02-26T16:59:00","date_gmt":"2021-02-26T15:59:00","guid":{"rendered":"http:\/\/www.tucomarca.com\/wordpress\/segunda\/?p=127227"},"modified":"2021-02-26T20:25:09","modified_gmt":"2021-02-26T19:25:09","slug":"sanidad-licita-las-obras-de-ampliacion-y-reforma-del-centro-de-salud-de-algemesi","status":"publish","type":"post","link":"https:\/\/www.tucomarca.com\/wordpress\/segunda\/sanidad-licita-las-obras-de-ampliacion-y-reforma-del-centro-de-salud-de-algemesi\/","title":{"rendered":"Sanidad licita las obras de ampliaci\u00f3n y reforma del centro de salud de Algemes\u00ed"},"content":{"rendered":"\n<h4 class=\"wp-block-heading\"><strong>El presupuesto de las obras es de 1.963.296,89 euros y el plazo de ejecuci\u00f3n del proyecto en las distintas fases es de 18 meses<\/strong><\/h4>\n\n\n\n<p>La Conselleria de Sanidad Universal y Salud P\u00fablica ha publicado en la plataforma de contrataci\u00f3n la licitaci\u00f3n de la reforma y ampliaci\u00f3n del centro de salud de Algemes\u00ed.<\/p>\n\n\n\n<p>El proyecto contempla la ampliaci\u00f3n del actual centro de salud construido en 1990, en una parcela anexa cedida por el Ayuntamiento de Algemes\u00ed a la Generalitat. Las obras se llevar\u00e1n a cabo adoptando las medidas necesarias que permitan compatibilizar los trabajos con la prestaci\u00f3n asistencial.<\/p>\n\n\n\n<p>El centro reformado y ampliado contar\u00e1 con un total de 23 consultas m\u00e9dicas y 13 consultas enfermer\u00eda. En concreto, el \u00e1rea de Medicina Familiar tendr\u00e1 8 consultas m\u00e9dicas y 5 consultas de enfermer\u00eda. A su vez, se reubicar\u00e1n las \u00e1reas de Pediatr\u00eda, Atenci\u00f3n continuada, Atenci\u00f3n Especializada, Trabajo social, y Atenci\u00f3n a la mujer y se ampliar\u00e1n las \u00e1reas de Recepci\u00f3n, Extracciones, as\u00ed como la Unidad de Rehabilitaci\u00f3n b\u00e1sica.<\/p>\n\n\n\n<p>Por su parte, el \u00c1rea de Diagn\u00f3stico por imagen ser\u00e1 de nueva creaci\u00f3n y contar\u00e1 con una sala de Radiolog\u00eda convencional. Tambi\u00e9n ser\u00e1n nuevos los vestuarios de acceso y cuarto de control anexo y la sala de espera,&nbsp;<\/p>\n\n\n\n<p>En cuanto al centro de salud sexual y reproductiva, dispondr\u00e1 de una consulta para facultativo o facultativa, una consulta de enfermer\u00eda, as\u00ed como un despacho para sexol\u00f3go\/a y un despacho de apoyo administrativo. Tambi\u00e9n de nueva creaci\u00f3n ser\u00e1 al \u00e1rea de Odontopediatr\u00eda, que se trasladar\u00e1 desde el Consultorio Auxiliar de Algemes\u00ed.<\/p>\n\n\n\n<p>El futuro centro una vez ampliado tendr\u00e1 una superficie construida total de 2.457,58 metros cuadrados, de los cuales 925,46 ser\u00e1n la superficie ampliada y 1.300,51 los metros cuadrados afectados por la reforma.<\/p>\n\n\n\n<p>El presupuesto de las obras definido en el proyecto es de 1.963.296,89 euros. El plazo de ejecuci\u00f3n del proyecto en las distintas fases es de dieciocho meses. Se espera el comienzo para julio de 2021 y su finalizaci\u00f3n para enero de 2023.<\/p>\n","protected":false},"excerpt":{"rendered":"<div class=\"mh-excerpt\">El presupuesto de las obras es de 1.963.296,89 euros y el plazo de ejecuci\u00f3n del proyecto en las distintas fases es de 18 meses La Conselleria de Sanidad Universal y Salud P\u00fablica ha publicado en <a class=\"mh-excerpt-more\" href=\"https:\/\/www.tucomarca.com\/wordpress\/segunda\/sanidad-licita-las-obras-de-ampliacion-y-reforma-del-centro-de-salud-de-algemesi\/\" title=\"Sanidad licita las obras de ampliaci\u00f3n y reforma del centro de salud de Algemes\u00ed\">[+] <\/a><\/div>\n","protected":false},"author":1,"featured_media":127228,"comment_status":"open","ping_status":"open","sticky":false,"template":"","format":"standard","meta":{"footnotes":""},"categories":[99,119,12201,128,8,72,42,117,142,3,116,45],"tags":[10409,11937,11938,3640],"class_list":{"0":"post-127227","1":"post","2":"type-post","3":"status-publish","4":"format-standard","5":"has-post-thumbnail","7":"category-algemesi","8":"category-sanidad-la-comarca","9":"category-covid-19","10":"category-infraestructuras","11":"category-la-comarca","12":"category-sin-categorizar","13":"category-la-ribera","14":"category-medio-ambiente-la-comarca","15":"category-politica-la-comarca","16":"category-seccion","17":"category-sucesos-la-comarca","18":"category-ventana","19":"tag-algemesi","20":"tag-coronavirus","21":"tag-covid-19","22":"tag-la-ribera-alta"},"_links":{"self":[{"href":"https:\/\/www.tucomarca.com\/wordpress\/segunda\/wp-json\/wp\/v2\/posts\/127227","targetHints":{"allow":["GET"]}}],"collection":[{"href":"https:\/\/www.tucomarca.com\/wordpress\/segunda\/wp-json\/wp\/v2\/posts"}],"about":[{"href":"https:\/\/www.tucomarca.com\/wordpress\/segunda\/wp-json\/wp\/v2\/types\/post"}],"author":[{"embeddable":true,"href":"https:\/\/www.tucomarca.com\/wordpress\/segunda\/wp-json\/wp\/v2\/users\/1"}],"replies":[{"embeddable":true,"href":"https:\/\/www.tucomarca.com\/wordpress\/segunda\/wp-json\/wp\/v2\/comments?post=127227"}],"version-history":[{"count":0,"href":"https:\/\/www.tucomarca.com\/wordpress\/segunda\/wp-json\/wp\/v2\/posts\/127227\/revisions"}],"wp:featuredmedia":[{"embeddable":true,"href":"https:\/\/www.tucomarca.com\/wordpress\/segunda\/wp-json\/wp\/v2\/media\/127228"}],"wp:attachment":[{"href":"https:\/\/www.tucomarca.com\/wordpress\/segunda\/wp-json\/wp\/v2\/media?parent=127227"}],"wp:term":[{"taxonomy":"category","embeddable":true,"href":"https:\/\/www.tucomarca.com\/wordpress\/segunda\/wp-json\/wp\/v2\/categories?post=127227"},{"taxonomy":"post_tag","embeddable":true,"href":"https:\/\/www.tucomarca.com\/wordpress\/segunda\/wp-json\/wp\/v2\/tags?post=127227"}],"curies":[{"name":"wp","href":"https:\/\/api.w.org\/{rel}","templated":true}]}}