{"id":127234,"date":"2021-02-27T17:55:00","date_gmt":"2021-02-27T16:55:00","guid":{"rendered":"http:\/\/www.tucomarca.com\/wordpress\/segunda\/?p=127234"},"modified":"2021-02-27T19:58:13","modified_gmt":"2021-02-27T18:58:13","slug":"la-comunitat-valenciana-registra-536-nuevos-casos-de-coronavirus-32-fallecimientos-y-868-altas","status":"publish","type":"post","link":"https:\/\/www.tucomarca.com\/wordpress\/segunda\/la-comunitat-valenciana-registra-536-nuevos-casos-de-coronavirus-32-fallecimientos-y-868-altas\/","title":{"rendered":"La Comunitat Valenciana registra 536 nuevos casos de coronavirus, 32 fallecimientos y 868 altas"},"content":{"rendered":"\n<h4 class=\"wp-block-heading\"><strong>Por provincias, se han registrado 51 nuevos positivos en Castell\u00f3n, 220 en Alicante y 265 en la provincia de Valencia<\/strong><\/h4>\n\n\n\n<p>La Comunitat Valenciana ha registrado 536 casos nuevos de coronavirus confirmados por prueba PCR o a trav\u00e9s de test de ant\u00edgenos desde la \u00faltima actualizaci\u00f3n, que sit\u00faan la cifra total de positivos en 378.269 personas. Por provincias, la distribuci\u00f3n de nuevos positivos es la siguiente: 51 en Castell\u00f3n (38.678 en total), 220 en Alicante (142.282 en total) y 265 en la provincia de Valencia (197.307 en total). Se ha reasignado un caso, de manera que el n\u00famero de casos sin asignar es de 2.&nbsp;<\/p>\n\n\n\n<p>Desde la \u00faltima actualizaci\u00f3n se han registrado 868 altas a pacientes con coronavirus. De esta forma, ya son 373.282 personas en la Comunitat Valenciana las que han superado la enfermedad desde que comenz\u00f3 la pandemia. Por provincias, las altas se distribuyen del siguiente modo: 38.250 en Castell\u00f3n, 140.003 en Alicante y 194.973 en Valencia, adem\u00e1s de 56 no asignadas.&nbsp;<\/p>\n\n\n\n<p>Los hospitales valencianos tienen, actualmente, 1.104 personas ingresadas: 102 en la provincia de Castell\u00f3n, con 19 pacientes en UCI; 488 en la provincia de Alicante, 130 de ellos en la UCI; y 514 en la provincia de Valencia, 135 de ellos en UCI.&nbsp;<\/p>\n\n\n\n<p>Adem\u00e1s, se han registrado 32 fallecimientos por coronavirus desde la \u00faltima actualizaci\u00f3n, por lo que el total de defunciones desde el inicio de la pandemia es de 6.696 personas: 758 en la provincia de Castell\u00f3n, 2.525 en la de Alicante y 3.413 en la de Valencia.<\/p>\n\n\n\n<p><strong>Actualizaci\u00f3n brotes de coronavirus<\/strong><\/p>\n\n\n\n<p>Se han registrado 10 nuevos brotes desde la \u00faltima actualizaci\u00f3n. Por provincias: 2 en Alicante y 8 en Valencia.<\/p>\n\n\n\n<p>\u00b7 Xirivella: 4 casos. \u00c1mbito educativo<\/p>\n\n\n\n<p>\u00b7 Torrent: 3 casos. \u00c1mbito educativo<\/p>\n\n\n\n<p>\u00b7 Val\u00e8ncia: 5 casos. Origen social<\/p>\n\n\n\n<p>\u00b7 Moixent: 3 casos. \u00c1mbito educativo<\/p>\n\n\n\n<p>\u00b7 Chiva: 4 casos. Origen social<\/p>\n\n\n\n<p>\u00b7 Val\u00e8ncia: 4 casos. Origen social<\/p>\n\n\n\n<p>\u00b7 Val\u00e8ncia: 5 casos. Origen social<\/p>\n\n\n\n<p>\u00b7 Val\u00e8ncia: 3 casos. Origen social<\/p>\n\n\n\n<p>\u00b7 Alicante: 5 casos. Origen laboral<\/p>\n\n\n\n<p>\u00b7 Alicante: 7 casos. Origen social<\/p>\n","protected":false},"excerpt":{"rendered":"<div class=\"mh-excerpt\">Por provincias, se han registrado 51 nuevos positivos en Castell\u00f3n, 220 en Alicante y 265 en la provincia de Valencia La Comunitat Valenciana ha registrado 536 casos nuevos de coronavirus confirmados por prueba PCR o <a class=\"mh-excerpt-more\" href=\"https:\/\/www.tucomarca.com\/wordpress\/segunda\/la-comunitat-valenciana-registra-536-nuevos-casos-de-coronavirus-32-fallecimientos-y-868-altas\/\" title=\"La Comunitat Valenciana registra 536 nuevos casos de coronavirus, 32 fallecimientos y 868 altas\">[+] <\/a><\/div>\n","protected":false},"author":1,"featured_media":110677,"comment_status":"open","ping_status":"open","sticky":false,"template":"","format":"standard","meta":{"footnotes":""},"categories":[119,16,12201,128,8,72,10,117,142,3,116,45],"tags":[11937,11938,5952],"class_list":{"0":"post-127234","1":"post","2":"type-post","3":"status-publish","4":"format-standard","5":"has-post-thumbnail","7":"category-sanidad-la-comarca","8":"category-chiva","9":"category-covid-19","10":"category-infraestructuras","11":"category-la-comarca","12":"category-sin-categorizar","13":"category-la-hoya","14":"category-medio-ambiente-la-comarca","15":"category-politica-la-comarca","16":"category-seccion","17":"category-sucesos-la-comarca","18":"category-ventana","19":"tag-coronavirus","20":"tag-covid-19","21":"tag-la-hoya-de-bunol-chiva"},"_links":{"self":[{"href":"https:\/\/www.tucomarca.com\/wordpress\/segunda\/wp-json\/wp\/v2\/posts\/127234","targetHints":{"allow":["GET"]}}],"collection":[{"href":"https:\/\/www.tucomarca.com\/wordpress\/segunda\/wp-json\/wp\/v2\/posts"}],"about":[{"href":"https:\/\/www.tucomarca.com\/wordpress\/segunda\/wp-json\/wp\/v2\/types\/post"}],"author":[{"embeddable":true,"href":"https:\/\/www.tucomarca.com\/wordpress\/segunda\/wp-json\/wp\/v2\/users\/1"}],"replies":[{"embeddable":true,"href":"https:\/\/www.tucomarca.com\/wordpress\/segunda\/wp-json\/wp\/v2\/comments?post=127234"}],"version-history":[{"count":0,"href":"https:\/\/www.tucomarca.com\/wordpress\/segunda\/wp-json\/wp\/v2\/posts\/127234\/revisions"}],"wp:featuredmedia":[{"embeddable":true,"href":"https:\/\/www.tucomarca.com\/wordpress\/segunda\/wp-json\/wp\/v2\/media\/110677"}],"wp:attachment":[{"href":"https:\/\/www.tucomarca.com\/wordpress\/segunda\/wp-json\/wp\/v2\/media?parent=127234"}],"wp:term":[{"taxonomy":"category","embeddable":true,"href":"https:\/\/www.tucomarca.com\/wordpress\/segunda\/wp-json\/wp\/v2\/categories?post=127234"},{"taxonomy":"post_tag","embeddable":true,"href":"https:\/\/www.tucomarca.com\/wordpress\/segunda\/wp-json\/wp\/v2\/tags?post=127234"}],"curies":[{"name":"wp","href":"https:\/\/api.w.org\/{rel}","templated":true}]}}