{"id":127252,"date":"2021-02-27T09:15:00","date_gmt":"2021-02-27T08:15:00","guid":{"rendered":"http:\/\/www.tucomarca.com\/wordpress\/segunda\/?p=127252"},"modified":"2021-02-27T21:26:48","modified_gmt":"2021-02-27T20:26:48","slug":"benaguasil-abre-el-plazo-para-solicitar-las-ayudas-parentesis-para-autonomos-y-microempresas","status":"publish","type":"post","link":"https:\/\/www.tucomarca.com\/wordpress\/segunda\/benaguasil-abre-el-plazo-para-solicitar-las-ayudas-parentesis-para-autonomos-y-microempresas\/","title":{"rendered":"Benaguasil abre el plazo para solicitar las ayudas Par\u00e9ntesis para aut\u00f3nomos y microempresas"},"content":{"rendered":"\n<p>El Ayuntamiento de Benaguasil ha abierto el plazo para que aut\u00f3nomos y microempresas locales soliciten las Ayudas Par\u00e9ntesis, enmarcadas dentro del Plan Resistir, y que destinar\u00e1n 185.080 euros a los sectores m\u00e1s afectados por las medidas impuestas por la pandemia, de los que 27.762 euros los aportar\u00e1 el Ayuntamiento.<\/p>\n\n\n\n<p>La finalidad de dichas ayudas es contribuir al sostenimiento de los gastos corrientes habituales que estos negocios han seguido soportando pese a la carencia o disminuci\u00f3n de ingresos, han se\u00f1alado fuentes municipales.<\/p>\n\n\n\n<p>Estas ayudas directas de 2.000\u20ac, m\u00e1s 200 euros adicionales por cada trabajador a cargo podr\u00e1n solicitarlas aut\u00f3nomos, y microempresas de hasta diez trabajadores, que tengan el domicilio fiscal en Benaguasil y cuya actividad est\u00e9 en funcionamiento a fecha 31 de diciembre de 2020.<\/p>\n\n\n\n<p>Entre los gastos subvencionables se encuentran los del alquiler del local comercial, las compras de mercanc\u00edas y aprovisionamientos, gastos de suministros, reparaciones y conservaci\u00f3n de material, gastos de personal contratado, los intereses de las hipotecas y otros gastos corrientes vinculados a la actividad.<\/p>\n\n\n\n<p>\u201cDesde el Ayuntamiento nos hemos adherido a estas ayudas para evitar que se originen consecuencias irreversibles para la econom\u00eda, el desarrollo empresarial y comercial del municipio, y velar porque una vez finalizada la crisis sanitaria se produzca lo antes posible una reactivaci\u00f3n de la econom\u00eda local\u201d, han se\u00f1alado fuentes municipales.<\/p>\n\n\n\n<p>Dichas ayudas se podr\u00e1n solicitar hasta el 11 de marzo a trav\u00e9s de la sede electr\u00f3nica o de manera presencial con Cita previa en la Oficina de Atenci\u00f3n Ciudadana del Ayuntamiento.<\/p>\n","protected":false},"excerpt":{"rendered":"<div class=\"mh-excerpt\">El Ayuntamiento de Benaguasil ha abierto el plazo para que aut\u00f3nomos y microempresas locales soliciten las Ayudas Par\u00e9ntesis, enmarcadas dentro del Plan Resistir, y que destinar\u00e1n 185.080 euros a los sectores m\u00e1s afectados por las <a class=\"mh-excerpt-more\" href=\"https:\/\/www.tucomarca.com\/wordpress\/segunda\/benaguasil-abre-el-plazo-para-solicitar-las-ayudas-parentesis-para-autonomos-y-microempresas\/\" title=\"Benaguasil abre el plazo para solicitar las ayudas Par\u00e9ntesis para aut\u00f3nomos y microempresas\">[+] <\/a><\/div>\n","protected":false},"author":1,"featured_media":127253,"comment_status":"open","ping_status":"open","sticky":false,"template":"","format":"standard","meta":{"footnotes":""},"categories":[172,46,12201,128,8,117,142,3],"tags":[10429,10395,11937,11938],"class_list":{"0":"post-127252","1":"post","2":"type-post","3":"status-publish","4":"format-standard","5":"has-post-thumbnail","7":"category-benaguasil","8":"category-camp-de-turia","9":"category-covid-19","10":"category-infraestructuras","11":"category-la-comarca","12":"category-medio-ambiente-la-comarca","13":"category-politica-la-comarca","14":"category-seccion","15":"tag-benaguasil","16":"tag-camp-de-turia","17":"tag-coronavirus","18":"tag-covid-19"},"_links":{"self":[{"href":"https:\/\/www.tucomarca.com\/wordpress\/segunda\/wp-json\/wp\/v2\/posts\/127252","targetHints":{"allow":["GET"]}}],"collection":[{"href":"https:\/\/www.tucomarca.com\/wordpress\/segunda\/wp-json\/wp\/v2\/posts"}],"about":[{"href":"https:\/\/www.tucomarca.com\/wordpress\/segunda\/wp-json\/wp\/v2\/types\/post"}],"author":[{"embeddable":true,"href":"https:\/\/www.tucomarca.com\/wordpress\/segunda\/wp-json\/wp\/v2\/users\/1"}],"replies":[{"embeddable":true,"href":"https:\/\/www.tucomarca.com\/wordpress\/segunda\/wp-json\/wp\/v2\/comments?post=127252"}],"version-history":[{"count":0,"href":"https:\/\/www.tucomarca.com\/wordpress\/segunda\/wp-json\/wp\/v2\/posts\/127252\/revisions"}],"wp:featuredmedia":[{"embeddable":true,"href":"https:\/\/www.tucomarca.com\/wordpress\/segunda\/wp-json\/wp\/v2\/media\/127253"}],"wp:attachment":[{"href":"https:\/\/www.tucomarca.com\/wordpress\/segunda\/wp-json\/wp\/v2\/media?parent=127252"}],"wp:term":[{"taxonomy":"category","embeddable":true,"href":"https:\/\/www.tucomarca.com\/wordpress\/segunda\/wp-json\/wp\/v2\/categories?post=127252"},{"taxonomy":"post_tag","embeddable":true,"href":"https:\/\/www.tucomarca.com\/wordpress\/segunda\/wp-json\/wp\/v2\/tags?post=127252"}],"curies":[{"name":"wp","href":"https:\/\/api.w.org\/{rel}","templated":true}]}}