{"id":127353,"date":"2021-03-01T09:19:00","date_gmt":"2021-03-01T08:19:00","guid":{"rendered":"http:\/\/www.tucomarca.com\/wordpress\/segunda\/?p=127353"},"modified":"2021-03-01T22:30:20","modified_gmt":"2021-03-01T21:30:20","slug":"leliana-abre-el-plazo-para-solicitar-las-ayudas-del-plan-resistir","status":"publish","type":"post","link":"https:\/\/www.tucomarca.com\/wordpress\/segunda\/leliana-abre-el-plazo-para-solicitar-las-ayudas-del-plan-resistir\/","title":{"rendered":"L\u2019Eliana abre el plazo para solicitar las ayudas del Plan Resistir"},"content":{"rendered":"\n<h4 class=\"wp-block-heading\"><strong>M\u00e1s de 500 pymes y aut\u00f3nomos se podr\u00e1n beneficiar de las ayudas Par\u00e9ntesis en la localidad.<\/strong><\/h4>\n\n\n\n<p>El Ayuntamiento de l\u2019Eliana abrir\u00e1 ma\u00f1ana martes, 2 de marzo, el plazo de presentaci\u00f3n de solicitudes para los aut\u00f3nomos y las peque\u00f1as empresas de hasta 10 trabajadores de la ciudad que quieran concurrir a las subvenciones del Plan Resistir.<\/p>\n\n\n\n<p>El Bolet\u00edn Oficial de la Provincia de Valencia (BOPV) publica hoy la convocatoria de estas subvenciones, que inyectar\u00e1n cerca de 750.000 euros de fondos auton\u00f3micos, provinciales y locales, entre los sectores m\u00e1s afectados como la hosteler\u00eda, la hospeder\u00eda, las actividades tur\u00edsticas, el ocio nocturno, las actividades art\u00edsticas y las actividades deportivas y de entretenimiento, para paliar las consecuencias de la pandemia.&nbsp;<\/p>\n\n\n\n<p>Las ayudas Par\u00e9ntesis, de las que se prev\u00e9 que se puedan beneficiar m\u00e1s de 500 microempresas y aut\u00f3nomos de la localidad, estar\u00e1n destinadas al gasto corriente derivado del desarrollo de la actividad como alquileres, suministros, primas de seguros, gestor\u00eda o gastos de personal. Pueden solicitarlas quienes ejerzan su actividad en alguno de los sectores destinados, que desarrollan su actividad en l&#8217;Eliana y figuren dados de alta en el censo de IAE del municipio.<\/p>\n\n\n\n<p>De esta manera se destinar\u00e1 una cantidad fija de 2.000 euros, por cada peque\u00f1a empresa o aut\u00f3nomo, con un m\u00e1ximo de 10 trabajadores y 200 euros por cada persona trabajadora afiliada a la Seguridad Social, a fecha 31 de diciembre de 2020, en los sectores prioritarios. El importe m\u00e1ximo a percibir no podr\u00e1 superar los 4.000 euros por solicitante en la primera fase. Para los sectores secundarios se destinar\u00e1 una cantidad \u00fanica y fija de 500 euros.<\/p>\n\n\n\n<p>Los interesados en participar en este programa deber\u00e1n cumplimentar la solicitud y el resto de anexos, que se pueden consultar y descargar en la <a href=\"http:\/\/www.leliana.es\/es\/page\/ejercicio-2021\">web<\/a> del Ayuntamiento. La documentaci\u00f3n se presentara mediante instancia general trav\u00e9s de la <a href=\"https:\/\/leliana.sedipualba.es\/segex\/tramite.aspx?idtramite=13296\">Sede Electr\u00f3nica<\/a>. No obstante, de manera excepcional y en el caso de que el solicitante sea persona f\u00edsica, podr\u00e1 presentarlo en el Registro de los servicios administrativos del Centro Sociocultural, en horario de lunes a viernes de 10 a 14 horas o en cualquiera de las formas establecidas en la Ley.<\/p>\n\n\n\n<p>El plazo para la presentaci\u00f3n terminar\u00e1 el pr\u00f3ximo lunes 15 de marzo. Para cualquier solicitud de informaci\u00f3n la ciudadan\u00eda puede contactar con la Agencia de Empleo y Desarrollo Local (AEDL), de lunes a viernes de 10 a 13 horas en el tel\u00e9fono 670 057 783 o a trav\u00e9s del correo electr\u00f3nico <a href=\"mailto:aedl@leliana.es\">aedl@leliana.es<\/a>.<\/p>\n\n\n\n<p>El alcalde, Salva Torrent, ha recordado que estas ayudas las podr\u00e1n percibir aquellos que hayan recibido las ayudas del Plan Impulsa del Ayuntamiento en 2020, ya que son complementarias para reforzar los sectores gravemente afectados y paliar el deterioro de su tejido empresarial y del empleo local.&nbsp;<\/p>\n","protected":false},"excerpt":{"rendered":"<div class=\"mh-excerpt\">M\u00e1s de 500 pymes y aut\u00f3nomos se podr\u00e1n beneficiar de las ayudas Par\u00e9ntesis en la localidad. El Ayuntamiento de l\u2019Eliana abrir\u00e1 ma\u00f1ana martes, 2 de marzo, el plazo de presentaci\u00f3n de solicitudes para los aut\u00f3nomos <a class=\"mh-excerpt-more\" href=\"https:\/\/www.tucomarca.com\/wordpress\/segunda\/leliana-abre-el-plazo-para-solicitar-las-ayudas-del-plan-resistir\/\" title=\"L\u2019Eliana abre el plazo para solicitar las ayudas del Plan Resistir\">[+] <\/a><\/div>\n","protected":false},"author":12,"featured_media":104978,"comment_status":"open","ping_status":"open","sticky":false,"template":"","format":"standard","meta":{"footnotes":""},"categories":[46,128,177,8,142,3],"tags":[13817,10395,11937,11938,10433,13669],"class_list":{"0":"post-127353","1":"post","2":"type-post","3":"status-publish","4":"format-standard","5":"has-post-thumbnail","7":"category-camp-de-turia","8":"category-infraestructuras","9":"category-leliana","10":"category-la-comarca","11":"category-politica-la-comarca","12":"category-seccion","13":"tag-ayudas-parentesis","14":"tag-camp-de-turia","15":"tag-coronavirus","16":"tag-covid-19","17":"tag-leliana","18":"tag-plan-resistir"},"_links":{"self":[{"href":"https:\/\/www.tucomarca.com\/wordpress\/segunda\/wp-json\/wp\/v2\/posts\/127353","targetHints":{"allow":["GET"]}}],"collection":[{"href":"https:\/\/www.tucomarca.com\/wordpress\/segunda\/wp-json\/wp\/v2\/posts"}],"about":[{"href":"https:\/\/www.tucomarca.com\/wordpress\/segunda\/wp-json\/wp\/v2\/types\/post"}],"author":[{"embeddable":true,"href":"https:\/\/www.tucomarca.com\/wordpress\/segunda\/wp-json\/wp\/v2\/users\/12"}],"replies":[{"embeddable":true,"href":"https:\/\/www.tucomarca.com\/wordpress\/segunda\/wp-json\/wp\/v2\/comments?post=127353"}],"version-history":[{"count":0,"href":"https:\/\/www.tucomarca.com\/wordpress\/segunda\/wp-json\/wp\/v2\/posts\/127353\/revisions"}],"wp:featuredmedia":[{"embeddable":true,"href":"https:\/\/www.tucomarca.com\/wordpress\/segunda\/wp-json\/wp\/v2\/media\/104978"}],"wp:attachment":[{"href":"https:\/\/www.tucomarca.com\/wordpress\/segunda\/wp-json\/wp\/v2\/media?parent=127353"}],"wp:term":[{"taxonomy":"category","embeddable":true,"href":"https:\/\/www.tucomarca.com\/wordpress\/segunda\/wp-json\/wp\/v2\/categories?post=127353"},{"taxonomy":"post_tag","embeddable":true,"href":"https:\/\/www.tucomarca.com\/wordpress\/segunda\/wp-json\/wp\/v2\/tags?post=127353"}],"curies":[{"name":"wp","href":"https:\/\/api.w.org\/{rel}","templated":true}]}}