{"id":127695,"date":"2021-03-04T11:15:00","date_gmt":"2021-03-04T10:15:00","guid":{"rendered":"http:\/\/www.tucomarca.com\/wordpress\/segunda\/?p=127695"},"modified":"2021-03-04T18:19:11","modified_gmt":"2021-03-04T17:19:11","slug":"ava-asaja-advierte-de-que-el-gobierno-dificultara-y-encarecera-la-gestion-de-las-comunidades-de-regantes","status":"publish","type":"post","link":"https:\/\/www.tucomarca.com\/wordpress\/segunda\/ava-asaja-advierte-de-que-el-gobierno-dificultara-y-encarecera-la-gestion-de-las-comunidades-de-regantes\/","title":{"rendered":"AVA-Asaja advierte de que el Gobierno dificultar\u00e1 y encarecer\u00e1 la gesti\u00f3n de las comunidades de regantes"},"content":{"rendered":"\n<p>La Asociaci\u00f3n Valenciana de Agricultores (AVA-ASAJA) advierte de que los cambios el\u00e9ctricos que el Ministerio de Transici\u00f3n Ecol\u00f3gica prev\u00e9 establecer a partir del 1 de junio amenazan con dificultar el funcionamiento interno de las comunidades de regantes al incorporar m\u00e1s periodos y m\u00e1s restricciones justo en el periodo del a\u00f1o donde los cultivos requieren m\u00e1s riego y se concentran m\u00e1s horas punta, es decir, las m\u00e1s caras en costes energ\u00e9ticos. Tanto es as\u00ed que, de llevarse a cabo la modificaci\u00f3n planteada, en julio la tarifa que tiene la mayor\u00eda de los pozos de riego valencianos con transformador elevar\u00e1 un 50% el n\u00famero de horas punta, pasando de seis a nueve.<br>Todos los suministros de media\/alta tensi\u00f3n, as\u00ed como de baja tensi\u00f3n de m\u00e1s de 15 kw contratados, pasar\u00e1n a tener seis periodos tarifarios, es decir, seis precios diferentes para la potencia seg\u00fan el periodo y seis distintos para la energ\u00eda. Los suministros dom\u00e9sticos, por su parte, tendr\u00e1n dos precios diferentes para la potencia y tres precios distintos para la energ\u00eda.<br>AVA-ASAJA tambi\u00e9n advierte de que los encarecimientos de la factura de la luz se prev\u00e9n especialmente en caso de exceder la potencia contratada, por lo que la organizaci\u00f3n recomienda a los usuarios, tanto particulares como entidades de riego, ajustar las potencias contratadas a la demanda real. AVA-ASAJA efectuar\u00e1 una valoraci\u00f3n m\u00e1s objetiva cuando el Gobierno determine los sobrecostes.<br>El Ministerio de Transici\u00f3n Ecol\u00f3gica ha dado a conocer un proyecto de orden, el cual a\u00fan no ha sido publicado en el Bolet\u00edn Oficial del Estado (BOE), que pospone al 1 de junio los nuevos cambios previstos en los precios de los cargos del sistema el\u00e9ctrico y de los pagos por capacidad. As\u00ed, el Gobierno retrasa una vez m\u00e1s la fecha de aplicaci\u00f3n de estos cambios. Inicialmente estaba prevista para el pasado 1 de noviembre de 2020. Informa, <strong>Luis Ib\u00e1\u00f1e<\/strong>z.<\/p>\n","protected":false},"excerpt":{"rendered":"<div class=\"mh-excerpt\">La Asociaci\u00f3n Valenciana de Agricultores (AVA-ASAJA) advierte de que los cambios el\u00e9ctricos que el Ministerio de Transici\u00f3n Ecol\u00f3gica prev\u00e9 establecer a partir del 1 de junio amenazan con dificultar el funcionamiento interno de las comunidades <a class=\"mh-excerpt-more\" href=\"https:\/\/www.tucomarca.com\/wordpress\/segunda\/ava-asaja-advierte-de-que-el-gobierno-dificultara-y-encarecera-la-gestion-de-las-comunidades-de-regantes\/\" title=\"AVA-Asaja advierte de que el Gobierno dificultar\u00e1 y encarecer\u00e1 la gesti\u00f3n de las comunidades de regantes\">[+] <\/a><\/div>\n","protected":false},"author":1,"featured_media":121538,"comment_status":"open","ping_status":"open","sticky":false,"template":"","format":"standard","meta":{"footnotes":""},"categories":[169,128,8,72,142,3,45],"tags":[85,328],"class_list":{"0":"post-127695","1":"post","2":"type-post","3":"status-publish","4":"format-standard","5":"has-post-thumbnail","7":"category-agricultura-la-comarca","8":"category-infraestructuras","9":"category-la-comarca","10":"category-sin-categorizar","11":"category-politica-la-comarca","12":"category-seccion","13":"category-ventana","14":"tag-agricultura","15":"tag-ava-asaja"},"_links":{"self":[{"href":"https:\/\/www.tucomarca.com\/wordpress\/segunda\/wp-json\/wp\/v2\/posts\/127695","targetHints":{"allow":["GET"]}}],"collection":[{"href":"https:\/\/www.tucomarca.com\/wordpress\/segunda\/wp-json\/wp\/v2\/posts"}],"about":[{"href":"https:\/\/www.tucomarca.com\/wordpress\/segunda\/wp-json\/wp\/v2\/types\/post"}],"author":[{"embeddable":true,"href":"https:\/\/www.tucomarca.com\/wordpress\/segunda\/wp-json\/wp\/v2\/users\/1"}],"replies":[{"embeddable":true,"href":"https:\/\/www.tucomarca.com\/wordpress\/segunda\/wp-json\/wp\/v2\/comments?post=127695"}],"version-history":[{"count":0,"href":"https:\/\/www.tucomarca.com\/wordpress\/segunda\/wp-json\/wp\/v2\/posts\/127695\/revisions"}],"wp:featuredmedia":[{"embeddable":true,"href":"https:\/\/www.tucomarca.com\/wordpress\/segunda\/wp-json\/wp\/v2\/media\/121538"}],"wp:attachment":[{"href":"https:\/\/www.tucomarca.com\/wordpress\/segunda\/wp-json\/wp\/v2\/media?parent=127695"}],"wp:term":[{"taxonomy":"category","embeddable":true,"href":"https:\/\/www.tucomarca.com\/wordpress\/segunda\/wp-json\/wp\/v2\/categories?post=127695"},{"taxonomy":"post_tag","embeddable":true,"href":"https:\/\/www.tucomarca.com\/wordpress\/segunda\/wp-json\/wp\/v2\/tags?post=127695"}],"curies":[{"name":"wp","href":"https:\/\/api.w.org\/{rel}","templated":true}]}}