{"id":127831,"date":"2021-03-06T09:15:00","date_gmt":"2021-03-06T08:15:00","guid":{"rendered":"http:\/\/www.tucomarca.com\/wordpress\/segunda\/?p=127831"},"modified":"2021-03-06T18:48:39","modified_gmt":"2021-03-06T17:48:39","slug":"requena-acoge-la-exposicion-memoria-de-un-lugar-concreto","status":"publish","type":"post","link":"https:\/\/www.tucomarca.com\/wordpress\/segunda\/requena-acoge-la-exposicion-memoria-de-un-lugar-concreto\/","title":{"rendered":"Requena acoge la exposici\u00f3n \u201cMemoria de un lugar concreto\u201d"},"content":{"rendered":"\n<p>La sala de exposiciones Antiguo Mercado de Requena acoger\u00e1 la exposici\u00f3n de la 24 beca Pedro Marco, \u201c Memoria de un lugar concreto\u201d, de Alex Gambin. <\/p>\n\n\n\n<p>Se podr\u00e1 visitar desde el viernes 12 de marzo,\u00a0 hasta el 12 de abril. El horario de visitas ser\u00e1 de martes a domingo de 17,00 a 20,00 horas. Informa, <strong>Luis Ib\u00e1\u00f1ez.<\/strong><\/p>\n","protected":false},"excerpt":{"rendered":"<div class=\"mh-excerpt\">La sala de exposiciones Antiguo Mercado de Requena acoger\u00e1 la exposici\u00f3n de la 24 beca Pedro Marco, \u201c Memoria de un lugar concreto\u201d, de Alex Gambin. Se podr\u00e1 visitar desde el viernes 12 de marzo,\u00a0 <a class=\"mh-excerpt-more\" href=\"https:\/\/www.tucomarca.com\/wordpress\/segunda\/requena-acoge-la-exposicion-memoria-de-un-lugar-concreto\/\" title=\"Requena acoge la exposici\u00f3n \u201cMemoria de un lugar concreto\u201d\">[+] <\/a><\/div>\n","protected":false},"author":12,"featured_media":127833,"comment_status":"open","ping_status":"open","sticky":false,"template":"","format":"standard","meta":{"footnotes":""},"categories":[4,8,7,92,28,27,3],"tags":[443,10388,10387],"class_list":{"0":"post-127831","1":"post","2":"type-post","3":"status-publish","4":"format-standard","5":"has-post-thumbnail","7":"category-agenda","8":"category-la-comarca","9":"category-ocio-y-cultura","10":"category-pintura","11":"category-requena","12":"category-requena-utiel","13":"category-seccion","14":"tag-exposicion","15":"tag-requena","16":"tag-requena-utiel"},"_links":{"self":[{"href":"https:\/\/www.tucomarca.com\/wordpress\/segunda\/wp-json\/wp\/v2\/posts\/127831","targetHints":{"allow":["GET"]}}],"collection":[{"href":"https:\/\/www.tucomarca.com\/wordpress\/segunda\/wp-json\/wp\/v2\/posts"}],"about":[{"href":"https:\/\/www.tucomarca.com\/wordpress\/segunda\/wp-json\/wp\/v2\/types\/post"}],"author":[{"embeddable":true,"href":"https:\/\/www.tucomarca.com\/wordpress\/segunda\/wp-json\/wp\/v2\/users\/12"}],"replies":[{"embeddable":true,"href":"https:\/\/www.tucomarca.com\/wordpress\/segunda\/wp-json\/wp\/v2\/comments?post=127831"}],"version-history":[{"count":0,"href":"https:\/\/www.tucomarca.com\/wordpress\/segunda\/wp-json\/wp\/v2\/posts\/127831\/revisions"}],"wp:featuredmedia":[{"embeddable":true,"href":"https:\/\/www.tucomarca.com\/wordpress\/segunda\/wp-json\/wp\/v2\/media\/127833"}],"wp:attachment":[{"href":"https:\/\/www.tucomarca.com\/wordpress\/segunda\/wp-json\/wp\/v2\/media?parent=127831"}],"wp:term":[{"taxonomy":"category","embeddable":true,"href":"https:\/\/www.tucomarca.com\/wordpress\/segunda\/wp-json\/wp\/v2\/categories?post=127831"},{"taxonomy":"post_tag","embeddable":true,"href":"https:\/\/www.tucomarca.com\/wordpress\/segunda\/wp-json\/wp\/v2\/tags?post=127831"}],"curies":[{"name":"wp","href":"https:\/\/api.w.org\/{rel}","templated":true}]}}