{"id":127921,"date":"2021-03-07T21:00:00","date_gmt":"2021-03-07T20:00:00","guid":{"rendered":"http:\/\/www.tucomarca.com\/wordpress\/segunda\/?p=127921"},"modified":"2021-03-08T11:00:03","modified_gmt":"2021-03-08T10:00:03","slug":"la-generalitat-premia-al-ayuntamiento-de-cheste-por-sus-iniciativas-de-urbanismo-inclusivo","status":"publish","type":"post","link":"https:\/\/www.tucomarca.com\/wordpress\/segunda\/la-generalitat-premia-al-ayuntamiento-de-cheste-por-sus-iniciativas-de-urbanismo-inclusivo\/","title":{"rendered":"La Generalitat premia al Ayuntamiento de Cheste por sus iniciativas de urbanismo inclusivo"},"content":{"rendered":"\n<p>El pasado mi\u00e9rcoles, 3 de marzo, tuvo lugar la entrega de los V Premios de Urbanismo, Movilidad, Paisaje, Vivienda y Arquitectura con Perspectiva de G\u00e9nero promovidos por la Generalitat Valenciana, en la que Cheste ha sido premiado en la categor\u00eda de Ayuntamientos de entre 5.000 y 20.000 habitantes por un proyecto que contempla varias iniciativas bajo el nombre \u201cCheste, urbanismo inclusivo\u201d y que se presentar\u00e1 de forma online el pr\u00f3ximo lunes, 8 de marzo, a las 19 horas.<\/p>\n\n\n\n<p>\u201cEs un orgullo recibir este reconocimiento a nivel de Comunidad Valenciana por el trabajo desarrollado en el Ayuntamiento en los \u00faltimos a\u00f1os en materia de urbanismo\u201d, ha declarado el alcalde, Jos\u00e9 Morell. \u201cSe ha valorado nuestro proyecto integral de urbanismo sostenible; una apuesta centrada en las personas de toda condici\u00f3n y edad que persevera en la accesibilidad, la inclusi\u00f3n y la participaci\u00f3n ciudadana; y esto nos anima a seguir trabajando para profundizar en esta l\u00ednea\u201d.<\/p>\n\n\n\n<p>Las iniciativas que se han presentado a concurso han sido el Cat\u00e1logo Urbano, que recoge la perspectiva de g\u00e9nero en la planificaci\u00f3n y desarrollo urban\u00edstico del municipio; el documental <em>La Plaza de las Chestanas<\/em>, que se presentar\u00e1 esta tarde, viernes 5 de marzo, enmarcado en los actos del 8M; y la revisi\u00f3n de los nombres de las calles del municipio, a ra\u00edz de un estudio realizado por el alumnado del IES Ricardo Mar\u00edn, que pon\u00eda de relieve la carencia de referentes femeninas en el recorrido urbano. En este sentido, la Generalitat ha reconocido el compromiso del Ayuntamiento de Cheste por visibilizar a mujeres relacionadas con la ciencia y la tecnolog\u00eda, dando nombre a las calles del nuevo Parque Empresarial de Circuito de Cheste; asimismo, se ha valorado el proyecto del municipio &#8216;Decide tu patio&#8217;, en el que los y las escolares han participado en el dise\u00f1o de patios educativos e igualitarios.<\/p>\n\n\n\n<p>En el acto de entrega, que ha tenido lugar en el Palau de Pineda, ha participado la vicepresidenta y consellera de Igualdad y Pol\u00edticas Inclusivas, M\u00f3nica Oltra, el vicepresidente segundo y conseller de Vivienda y Arquitectura Bioclim\u00e1tica, Rub\u00e9n Mart\u00ednez Dalmau, y el conseller de Pol\u00edtica Territorial, Obras P\u00fablicas y Movilidad, Arcadi Espa\u00f1a, que han coincidido en destacar la importancia de aplicar la perspectiva de g\u00e9nero para promover la igualdad.<\/p>\n\n\n\n<p>\u201cQuiero agradecer al equipo de urbanismo del Ayuntamiento su trabajo constante y a los gabinetes de arquitectura Eseiesa y Fent Estudi por colaborar con el Ayuntamiento en hacerlo posible; y destacar la incorporaci\u00f3n transversal de las propuestas en coordinaci\u00f3n con las concejal\u00edas de Servicios, Igualdad, Educaci\u00f3n, Participaci\u00f3n, entre otras\u201d, ha a\u00f1adido Morell.<\/p>\n\n\n\n<p><strong>Informaci\u00f3n de acceso \u00b7 Presentaci\u00f3n de proyecto \u201cCheste, urbanismo inclusivo\u201d<\/strong><\/p>\n\n\n\n<p>Enlace: <a href=\"https:\/\/meet.jit.si\/Cheste.urbanismo.inclusivo\">https:\/\/meet.jit.si\/Cheste.urbanismo.inclusivo<\/a><\/p>\n","protected":false},"excerpt":{"rendered":"<div class=\"mh-excerpt\">El pasado mi\u00e9rcoles, 3 de marzo, tuvo lugar la entrega de los V Premios de Urbanismo, Movilidad, Paisaje, Vivienda y Arquitectura con Perspectiva de G\u00e9nero promovidos por la Generalitat Valenciana, en la que Cheste ha <a class=\"mh-excerpt-more\" href=\"https:\/\/www.tucomarca.com\/wordpress\/segunda\/la-generalitat-premia-al-ayuntamiento-de-cheste-por-sus-iniciativas-de-urbanismo-inclusivo\/\" title=\"La Generalitat premia al Ayuntamiento de Cheste por sus iniciativas de urbanismo inclusivo\">[+] <\/a><\/div>\n","protected":false},"author":12,"featured_media":127927,"comment_status":"open","ping_status":"open","sticky":false,"template":"","format":"standard","meta":{"footnotes":""},"categories":[17,128,8,10,142,3],"tags":[339,10716,5952,14009],"class_list":{"0":"post-127921","1":"post","2":"type-post","3":"status-publish","4":"format-standard","5":"has-post-thumbnail","7":"category-cheste","8":"category-infraestructuras","9":"category-la-comarca","10":"category-la-hoya","11":"category-politica-la-comarca","12":"category-seccion","13":"tag-cheste-2","14":"tag-generalitat-valenciana","15":"tag-la-hoya-de-bunol-chiva","16":"tag-urbanismo-inclusivo"},"_links":{"self":[{"href":"https:\/\/www.tucomarca.com\/wordpress\/segunda\/wp-json\/wp\/v2\/posts\/127921","targetHints":{"allow":["GET"]}}],"collection":[{"href":"https:\/\/www.tucomarca.com\/wordpress\/segunda\/wp-json\/wp\/v2\/posts"}],"about":[{"href":"https:\/\/www.tucomarca.com\/wordpress\/segunda\/wp-json\/wp\/v2\/types\/post"}],"author":[{"embeddable":true,"href":"https:\/\/www.tucomarca.com\/wordpress\/segunda\/wp-json\/wp\/v2\/users\/12"}],"replies":[{"embeddable":true,"href":"https:\/\/www.tucomarca.com\/wordpress\/segunda\/wp-json\/wp\/v2\/comments?post=127921"}],"version-history":[{"count":0,"href":"https:\/\/www.tucomarca.com\/wordpress\/segunda\/wp-json\/wp\/v2\/posts\/127921\/revisions"}],"wp:featuredmedia":[{"embeddable":true,"href":"https:\/\/www.tucomarca.com\/wordpress\/segunda\/wp-json\/wp\/v2\/media\/127927"}],"wp:attachment":[{"href":"https:\/\/www.tucomarca.com\/wordpress\/segunda\/wp-json\/wp\/v2\/media?parent=127921"}],"wp:term":[{"taxonomy":"category","embeddable":true,"href":"https:\/\/www.tucomarca.com\/wordpress\/segunda\/wp-json\/wp\/v2\/categories?post=127921"},{"taxonomy":"post_tag","embeddable":true,"href":"https:\/\/www.tucomarca.com\/wordpress\/segunda\/wp-json\/wp\/v2\/tags?post=127921"}],"curies":[{"name":"wp","href":"https:\/\/api.w.org\/{rel}","templated":true}]}}