{"id":128222,"date":"2021-03-10T09:30:00","date_gmt":"2021-03-10T08:30:00","guid":{"rendered":"http:\/\/www.tucomarca.com\/wordpress\/segunda\/?p=128222"},"modified":"2021-03-10T13:16:59","modified_gmt":"2021-03-10T12:16:59","slug":"requena-limita-a-dos-horas-el-aparcamiento-gratuito-en-la-via-publica%e2%80%a8","status":"publish","type":"post","link":"https:\/\/www.tucomarca.com\/wordpress\/segunda\/requena-limita-a-dos-horas-el-aparcamiento-gratuito-en-la-via-publica%e2%80%a8\/","title":{"rendered":"Requena limita a dos horas el aparcamiento gratuito en la v\u00eda p\u00fablica\u2028"},"content":{"rendered":"\n<p>En Requena ha entrado en vigor el estacionamiento limitado para veh\u00edculos en la v\u00eda p\u00fablica. Esta regulaci\u00f3n se aplicar\u00e1 a los emplazamientos conocidos como zona azul. De este modo, los veh\u00edculos podr\u00e1n aparcar de manera gratuita durante un per\u00edodo m\u00e1ximo de 2 horas en una plaza y no lo podr\u00e1n hacer en la misma el resto del d\u00eda.<\/p>\n\n\n\n<p>Para combinar la gratuidad del servicio con su efectividad, el consistorio ha&nbsp; instalado sensores de presencia en las distintas plazas, por lo que los veh\u00edculos que aparquen en las mismas deber\u00e1n respetar sus l\u00edmites ajust\u00e1ndose a la se\u00f1alizaci\u00f3n establecida.<\/p>\n\n\n\n<p>El horario en el que ser\u00e1 efectiva esta norma en todas las zonas ORA ser\u00e1 de lunes a viernes, de&nbsp; 9,00 horas a.m a 14,00 horas p.m. y de 17,00 horas p.m a 20,00 horas p.m. y los s\u00e1bados de 9,00 horas a.m a 14,00 horas p.m.<\/p>\n\n\n\n<p>Los d\u00edas oficialmente declarados festivos no ser\u00e1 de aplicaci\u00f3n la regulaci\u00f3n.<\/p>\n\n\n\n<p>En principio y con el objetivo de asegurar que el m\u00e1ximo n\u00famero de poblaci\u00f3n conoce la nueva regulaci\u00f3n, las personas que incumplan la norma no ser\u00e1n sancionadas econ\u00f3micamente, sino que simplemente se les avisar\u00e1 de su infracci\u00f3n. Informa, <strong>Luis Ib\u00e1\u00f1ez.<\/strong><\/p>\n","protected":false},"excerpt":{"rendered":"<div class=\"mh-excerpt\">En Requena ha entrado en vigor el estacionamiento limitado para veh\u00edculos en la v\u00eda p\u00fablica. Esta regulaci\u00f3n se aplicar\u00e1 a los emplazamientos conocidos como zona azul. De este modo, los veh\u00edculos podr\u00e1n aparcar de manera <a class=\"mh-excerpt-more\" href=\"https:\/\/www.tucomarca.com\/wordpress\/segunda\/requena-limita-a-dos-horas-el-aparcamiento-gratuito-en-la-via-publica%e2%80%a8\/\" title=\"Requena limita a dos horas el aparcamiento gratuito en la v\u00eda p\u00fablica\u2028\">[+] <\/a><\/div>\n","protected":false},"author":12,"featured_media":107590,"comment_status":"open","ping_status":"open","sticky":false,"template":"","format":"standard","meta":{"footnotes":""},"categories":[128,8,142,28,27,3,45],"tags":[14038,10388,10387],"class_list":{"0":"post-128222","1":"post","2":"type-post","3":"status-publish","4":"format-standard","5":"has-post-thumbnail","7":"category-infraestructuras","8":"category-la-comarca","9":"category-politica-la-comarca","10":"category-requena","11":"category-requena-utiel","12":"category-seccion","13":"category-ventana","14":"tag-aparcamiento-gratuito","15":"tag-requena","16":"tag-requena-utiel"},"_links":{"self":[{"href":"https:\/\/www.tucomarca.com\/wordpress\/segunda\/wp-json\/wp\/v2\/posts\/128222","targetHints":{"allow":["GET"]}}],"collection":[{"href":"https:\/\/www.tucomarca.com\/wordpress\/segunda\/wp-json\/wp\/v2\/posts"}],"about":[{"href":"https:\/\/www.tucomarca.com\/wordpress\/segunda\/wp-json\/wp\/v2\/types\/post"}],"author":[{"embeddable":true,"href":"https:\/\/www.tucomarca.com\/wordpress\/segunda\/wp-json\/wp\/v2\/users\/12"}],"replies":[{"embeddable":true,"href":"https:\/\/www.tucomarca.com\/wordpress\/segunda\/wp-json\/wp\/v2\/comments?post=128222"}],"version-history":[{"count":0,"href":"https:\/\/www.tucomarca.com\/wordpress\/segunda\/wp-json\/wp\/v2\/posts\/128222\/revisions"}],"wp:featuredmedia":[{"embeddable":true,"href":"https:\/\/www.tucomarca.com\/wordpress\/segunda\/wp-json\/wp\/v2\/media\/107590"}],"wp:attachment":[{"href":"https:\/\/www.tucomarca.com\/wordpress\/segunda\/wp-json\/wp\/v2\/media?parent=128222"}],"wp:term":[{"taxonomy":"category","embeddable":true,"href":"https:\/\/www.tucomarca.com\/wordpress\/segunda\/wp-json\/wp\/v2\/categories?post=128222"},{"taxonomy":"post_tag","embeddable":true,"href":"https:\/\/www.tucomarca.com\/wordpress\/segunda\/wp-json\/wp\/v2\/tags?post=128222"}],"curies":[{"name":"wp","href":"https:\/\/api.w.org\/{rel}","templated":true}]}}