{"id":128237,"date":"2021-03-13T23:33:00","date_gmt":"2021-03-13T22:33:00","guid":{"rendered":"http:\/\/www.tucomarca.com\/wordpress\/segunda\/?p=128237"},"modified":"2021-03-14T12:47:32","modified_gmt":"2021-03-14T11:47:32","slug":"el-uso-diario-de-las-lineas-lanzadera-a-los-poligonos-industriales-de-valencia-aumenta-un-34-en-el-segundo-mes-de-funcionamiento","status":"publish","type":"post","link":"https:\/\/www.tucomarca.com\/wordpress\/segunda\/el-uso-diario-de-las-lineas-lanzadera-a-los-poligonos-industriales-de-valencia-aumenta-un-34-en-el-segundo-mes-de-funcionamiento\/","title":{"rendered":"El uso diario de las l\u00edneas lanzadera a los pol\u00edgonos industriales de Valencia aumenta un 34% en el segundo mes de funcionamiento"},"content":{"rendered":"\n<h4 class=\"wp-block-heading\"><strong>Las cinco l\u00edneas que conectan Val\u00e8ncia con \u00e1reas industriales de Almussafes, Sollana, Paterna, Riba-roja de T\u00faria y Quart de Poblet han contabilizado 4.422 desplazamientos&nbsp;<br>La Conselleria y las gerencias de los pol\u00edgonos han llevado a cabo una campa\u00f1a informativa para invitar a los trabajadores y trabajadoras a sumarse a esta opci\u00f3n de transporte&nbsp;<br>Seg\u00fan Espa\u00f1a, el objetivo de las lanzadera es estimular la apuesta por \u00abuna movilidad m\u00e1s sostenible y m\u00e1s respetuosa con el medio ambiente\u00bb<\/strong>&nbsp;<\/h4>\n\n\n\n<p>La Conselleria de Pol\u00edtica Territorial, Obras P\u00fablicas y Movilidad, a trav\u00e9s de la Autoritat de Transport Metropolit\u00e0 de Val\u00e8ncia (ATMV), ha registrado, en el segundo mes de funcionamiento, un aumento del 34% en el uso diario de las cinco nuevas l\u00edneas de autob\u00fas que conectan la ciudad de Val\u00e8ncia con los principales pol\u00edgonos industriales.&nbsp;<\/p>\n\n\n\n<p>As\u00ed, entre el 7 de enero y el 8 de marzo, se han contabilizado 4.422 desplazamientos con estas l\u00edneas lanzadera, \u00abuna opci\u00f3n de transporte p\u00fablico que ha evitado la circulaci\u00f3n de m\u00e1s de cuatro mil veh\u00edculos privados para acceder al lugar de trabajo\u00bb, ha afirmado el conseller de Pol\u00edtica Territorial, Obras P\u00fablicas y Movilidad, Arcadi Espa\u00f1a.&nbsp;<\/p>\n\n\n\n<p>\u00abNuestro objetivo -ha se\u00f1alado el conseller-, es que cada vez m\u00e1s personas apuesten por una movilidad m\u00e1s sostenible y m\u00e1s respetuosa con el medio ambiente y escojan esta opci\u00f3n para sus desplazamientos laborales\u00bb.&nbsp;<\/p>\n\n\n\n<p>\u00abPor ello, conscientes de que se trata de algo m\u00e1s que de un cambio de rutinas, esto es, de un importante cambio cultural, hemos llevado a cabo una campa\u00f1a informativa en los propios pol\u00edgonos para invitar a los trabajadores y&nbsp;<br>trabajadoras a sumarse a esta transformaci\u00f3n de la movilidad\u00bb, ha declarado Espa\u00f1a.&nbsp;<\/p>\n\n\n\n<p>\u00abCon la mejora del transporte p\u00fablico hacia las peque\u00f1as ciudades que son los pol\u00edgonos, al mismo tiempo que se contribuye a la reducci\u00f3n de la contaminaci\u00f3n se fomenta el empleo, pues se facilita el acceso a puestos de trabajo a aquellas personas que no disponen de veh\u00edculo privado para sus desplazamientos, especialmente los m\u00e1s j\u00f3venes\u00bb, ha concluido el titular de Pol\u00edtica Territorial.&nbsp;<\/p>\n\n\n\n<p><strong>Conexi\u00f3n con 5 pol\u00edgonos industriales<\/strong><\/p>\n\n\n\n<p>Desde principios de este a\u00f1o, con el objetivo de fomentar la movilidad sostenible y reducir la contaminaci\u00f3n medioambiental, la Conselleria ha puesto en marcha las siguientes lanzaderas: Val\u00e8ncia-Parque Tecnol\u00f3gico-l&#8217;Andana, Val\u00e8ncia-Parque empresarial T\u00e1ctica-Fuente del Jarro Norte, Val\u00e8ncia-Pol\u00edgono industrial La Reva, Val\u00e8ncia-Pol\u00edgono industrial Juan Carlos I-Norte-l&#8217;Ermita, y Val\u00e8ncia-Pol\u00edgono industrial Fuente del Jarro.&nbsp;<\/p>\n\n\n\n<p>Durante los dos primeros meses de funcionamiento, las cinco rutas que facilitan la movilidad de 76.000 trabajadores y trabajadoras de estas \u00e1reas industriales han sumado una media de 105 desplazamientos diarios y se ha alcanzado un registro medio m\u00e1ximo de 173.&nbsp;<\/p>\n\n\n\n<p>Para utilizar estas l\u00edneas de autob\u00fas con una reducci\u00f3n de tarifa de alrededor del 30%, las personas usuarias pueden emplear el Bono 10 y el Bono Transbordo que la ATMV puso en marcha a principios de este mes.&nbsp;<\/p>\n\n\n\n<p><strong>Mejora continua y cambios<\/strong><\/p>\n\n\n\n<p>Para la mejora continua del servicio, la ATMV analiza la evoluci\u00f3n de la demanda y del servicio junto con las gerencias de los pol\u00edgonos de las entidades de los parques empresariales.&nbsp;<\/p>\n\n\n\n<p>En este sentido, se ha procedido al cambio de horario de dos expediciones de la lanzadera que da servicio a la Reva y al Oliveral para ajustarse m\u00e1s a las necesidades de las personas trabajadoras.&nbsp;<\/p>\n\n\n\n<p>De la misma forma, se est\u00e1n llevando a cabo encuestas para adaptar los horarios de la lanzadera al Parque empresarial T\u00e1ctica, de modo que se pueda ajustar tanto la \u00faltima expedici\u00f3n del d\u00eda como la de regreso de los viernes, d\u00eda en que la mayor\u00eda de trabajadores y trabajadoras tiene jornada reducida.<\/p>\n","protected":false},"excerpt":{"rendered":"<div class=\"mh-excerpt\">Las cinco l\u00edneas que conectan Val\u00e8ncia con \u00e1reas industriales de Almussafes, Sollana, Paterna, Riba-roja de T\u00faria y Quart de Poblet han contabilizado 4.422 desplazamientos&nbsp;La Conselleria y las gerencias de los pol\u00edgonos han llevado a cabo <a class=\"mh-excerpt-more\" href=\"https:\/\/www.tucomarca.com\/wordpress\/segunda\/el-uso-diario-de-las-lineas-lanzadera-a-los-poligonos-industriales-de-valencia-aumenta-un-34-en-el-segundo-mes-de-funcionamiento\/\" title=\"El uso diario de las l\u00edneas lanzadera a los pol\u00edgonos industriales de Valencia aumenta un 34% en el segundo mes de funcionamiento\">[+] <\/a><\/div>\n","protected":false},"author":12,"featured_media":128241,"comment_status":"open","ping_status":"open","sticky":false,"template":"","format":"standard","meta":{"footnotes":""},"categories":[46,128,8,72,142,182],"tags":[10395,3545,14044,8900],"class_list":{"0":"post-128237","1":"post","2":"type-post","3":"status-publish","4":"format-standard","5":"has-post-thumbnail","7":"category-camp-de-turia","8":"category-infraestructuras","9":"category-la-comarca","10":"category-sin-categorizar","11":"category-politica-la-comarca","12":"category-riba-roja","13":"tag-camp-de-turia","14":"tag-comunitat-valenciana","15":"tag-poligonos-industriales-de-valencia","16":"tag-riba-roja-del-turia"},"_links":{"self":[{"href":"https:\/\/www.tucomarca.com\/wordpress\/segunda\/wp-json\/wp\/v2\/posts\/128237","targetHints":{"allow":["GET"]}}],"collection":[{"href":"https:\/\/www.tucomarca.com\/wordpress\/segunda\/wp-json\/wp\/v2\/posts"}],"about":[{"href":"https:\/\/www.tucomarca.com\/wordpress\/segunda\/wp-json\/wp\/v2\/types\/post"}],"author":[{"embeddable":true,"href":"https:\/\/www.tucomarca.com\/wordpress\/segunda\/wp-json\/wp\/v2\/users\/12"}],"replies":[{"embeddable":true,"href":"https:\/\/www.tucomarca.com\/wordpress\/segunda\/wp-json\/wp\/v2\/comments?post=128237"}],"version-history":[{"count":0,"href":"https:\/\/www.tucomarca.com\/wordpress\/segunda\/wp-json\/wp\/v2\/posts\/128237\/revisions"}],"wp:featuredmedia":[{"embeddable":true,"href":"https:\/\/www.tucomarca.com\/wordpress\/segunda\/wp-json\/wp\/v2\/media\/128241"}],"wp:attachment":[{"href":"https:\/\/www.tucomarca.com\/wordpress\/segunda\/wp-json\/wp\/v2\/media?parent=128237"}],"wp:term":[{"taxonomy":"category","embeddable":true,"href":"https:\/\/www.tucomarca.com\/wordpress\/segunda\/wp-json\/wp\/v2\/categories?post=128237"},{"taxonomy":"post_tag","embeddable":true,"href":"https:\/\/www.tucomarca.com\/wordpress\/segunda\/wp-json\/wp\/v2\/tags?post=128237"}],"curies":[{"name":"wp","href":"https:\/\/api.w.org\/{rel}","templated":true}]}}