{"id":12849,"date":"2013-03-28T17:26:26","date_gmt":"2013-03-28T16:26:26","guid":{"rendered":"http:\/\/www.tucomarca.com\/wordpress\/segunda\/?p=12849"},"modified":"2013-03-28T17:26:26","modified_gmt":"2013-03-28T16:26:26","slug":"se-intensifica-la-semana-santa-en-la-hoya","status":"publish","type":"post","link":"https:\/\/www.tucomarca.com\/wordpress\/segunda\/se-intensifica-la-semana-santa-en-la-hoya\/","title":{"rendered":"Se intensifica la Semana Santa en La Hoya"},"content":{"rendered":"<p>Las parroquias de la comarca se encuentran inmersas en plena vor\u00e1gine de eventos religiosos con motivo de la celebraci\u00f3n de la Semana Santa. En Bu\u00f1ol, la Parroquia Nuestra Se\u00f1ora de los Dolores acoge este viernes a las 10,30 horas el Viacrucis, mientras que a las 20,30 horas acontecer\u00e1 la procesi\u00f3n del Santo Entierro. El domingo 31, el Santo Encuentro  est\u00e1 previsto a las 9 horas en la Plaza del Castillo,en este caso junto a los feligreses de la zona del pueblo.<br \/>\nEn la Parroquia San Pedro Ap\u00f3stol de esta misma localidad, el Viacrucis se celebrar\u00e1 el viernes a las 8 horas y la procesi\u00f3n del Santo entierro a las 20,30 horas.<br \/>\nEn Siete Aguas, la Parroquia San Juan Bautista ha convocado el Viacrucis del viernes a las 10 horas, mientras que el encuentro dominical y la misa comenzar\u00e1n a las 12 horas.<br \/>\nEn Tur\u00eds, este viernes a las 17,30 horas comenzar\u00e1 el traslado del Cristo Yacente, mientras que a las 20,00 horas lo har\u00e1 la procesi\u00f3n del Santo Entierro hasta la ermita. El domingo, la procesi\u00f3n del Santo Encuentro se iniciar\u00e1 a las 11 horas.<br \/>\nEn Cheste el Viacrucis del viernes comenzar\u00e1 a las 12 horas y la procesi\u00f3n del Santo Entierro lo har\u00e1 a las 19,30 horas. El tradicional \u201cEncuentre\u201d del domingo de resurrecci\u00f3n se ha fijado para las 10 horas.<br \/>\nEn Macastre, Y\u00e1tova y Alborache tambi\u00e9n acontecer\u00e1n las procesiones del entierro el viernes y los encuentros dominicales<\/p>\n","protected":false},"excerpt":{"rendered":"<div class=\"mh-excerpt\">Las parroquias de la comarca se encuentran inmersas en plena vor\u00e1gine de eventos religiosos con motivo de la celebraci\u00f3n de la Semana Santa. En Bu\u00f1ol, la Parroquia Nuestra Se\u00f1ora de los Dolores acoge este viernes <a class=\"mh-excerpt-more\" href=\"https:\/\/www.tucomarca.com\/wordpress\/segunda\/se-intensifica-la-semana-santa-en-la-hoya\/\" title=\"Se intensifica la Semana Santa en La Hoya\">[+] <\/a><\/div>\n","protected":false},"author":2,"featured_media":0,"comment_status":"open","ping_status":"open","sticky":false,"template":"","format":"standard","meta":{"footnotes":""},"categories":[4,3],"tags":[529,783],"class_list":{"0":"post-12849","1":"post","2":"type-post","3":"status-publish","4":"format-standard","6":"category-agenda","7":"category-seccion","8":"tag-la-hoya-2","9":"tag-semana-santa"},"_links":{"self":[{"href":"https:\/\/www.tucomarca.com\/wordpress\/segunda\/wp-json\/wp\/v2\/posts\/12849","targetHints":{"allow":["GET"]}}],"collection":[{"href":"https:\/\/www.tucomarca.com\/wordpress\/segunda\/wp-json\/wp\/v2\/posts"}],"about":[{"href":"https:\/\/www.tucomarca.com\/wordpress\/segunda\/wp-json\/wp\/v2\/types\/post"}],"author":[{"embeddable":true,"href":"https:\/\/www.tucomarca.com\/wordpress\/segunda\/wp-json\/wp\/v2\/users\/2"}],"replies":[{"embeddable":true,"href":"https:\/\/www.tucomarca.com\/wordpress\/segunda\/wp-json\/wp\/v2\/comments?post=12849"}],"version-history":[{"count":0,"href":"https:\/\/www.tucomarca.com\/wordpress\/segunda\/wp-json\/wp\/v2\/posts\/12849\/revisions"}],"wp:attachment":[{"href":"https:\/\/www.tucomarca.com\/wordpress\/segunda\/wp-json\/wp\/v2\/media?parent=12849"}],"wp:term":[{"taxonomy":"category","embeddable":true,"href":"https:\/\/www.tucomarca.com\/wordpress\/segunda\/wp-json\/wp\/v2\/categories?post=12849"},{"taxonomy":"post_tag","embeddable":true,"href":"https:\/\/www.tucomarca.com\/wordpress\/segunda\/wp-json\/wp\/v2\/tags?post=12849"}],"curies":[{"name":"wp","href":"https:\/\/api.w.org\/{rel}","templated":true}]}}