{"id":128554,"date":"2021-03-14T12:00:00","date_gmt":"2021-03-14T11:00:00","guid":{"rendered":"http:\/\/www.tucomarca.com\/wordpress\/segunda\/?p=128554"},"modified":"2021-03-14T15:38:12","modified_gmt":"2021-03-14T14:38:12","slug":"el-pp-elige-a-sus-direcciones-locales-en-grandes-municipios-como-xativa-betera-lliria-o-burjassot","status":"publish","type":"post","link":"https:\/\/www.tucomarca.com\/wordpress\/segunda\/el-pp-elige-a-sus-direcciones-locales-en-grandes-municipios-como-xativa-betera-lliria-o-burjassot\/","title":{"rendered":"El PP elige a sus direcciones locales en grandes municipios como X\u00e0tiva, B\u00e9tera, Ll\u00edria o Burjassot"},"content":{"rendered":"\n<p><strong>En la tercera semana de celebraci\u00f3n de los congresos locales han sido un total de 13 los c\u00f3nclaves que se han completado de un total de 59<\/strong><\/p>\n\n\n\n<p>El PP de la provincia de Valencia ha proseguido esta&nbsp; semana con la celebraci\u00f3n de los congresos locales y se han completado 13 para un total de 59 desde que comenz\u00f3 esta primera fase.<\/p>\n\n\n\n<p>Entre ellos destacan algunas de las agrupaciones locales m\u00e1s numerosas de la provincia. Es el caso de Ll\u00edria donde Reme Mazzolari,&nbsp; portavoz del partido en el Ayuntamiento, ha sido elegida presidenta local.&nbsp;<\/p>\n\n\n\n<p>Tambi\u00e9n ha resultado elegido presidente local Marcos Sanchis quien dirigir\u00e1 el partido en X\u00e0tiva y da as\u00ed un paso importante en su larga trayectoria en la organizaci\u00f3n.<\/p>\n\n\n\n<p>Mientras, en B\u00e9tera es Javier Alapont quien ha sido elegido como presidente local en un municipio que est\u00e1 gobernado por el PP con Elia Verdevio como alcaldesa. Y en Burjassot el presidente local elegido es Marcos Campos quien tambi\u00e9n ha tenido un creciente protagonismo en la agrupaci\u00f3n durante los \u00faltimos a\u00f1os.<\/p>\n\n\n\n<p>Junto a estos cuatro municipios se han celebrado otra decena de c\u00f3nclaves locales en diferentes puntos de la provincia que contribuyen a seguir fortaleciendo la estructura del partido con vistas a los pr\u00f3ximos procesos electorales y que es el principal objetivo que el presidente provincial, Vicente Momp\u00f3, se fij\u00f3 cuando fue elegido para el cargo en el pasado mes de julio.<\/p>\n\n\n\n<p>As\u00ed, otra de las poblaciones en las que se ha celebrado el c\u00f3nclave local ha sido Utiel, donde Roc\u00edo Gim\u00e9nez ha sido elegida presidenta local, cargo que suma a sus responsabilidades en la coordinaci\u00f3n comarcal que dirige Alberto Garc\u00eda.<\/p>\n\n\n\n<p>En Massanassa ha sido elegido presidente local, Paco Comes, mientras que en Sedav\u00ed quien dirigir\u00e1 los destinos del partido en el municipio es Victoria Ferrandis. Tambi\u00e9n ha resultado elegido presidente despu\u00e9s de las votaciones celebradas en Rafelbunyol, Alfonso Benito.<\/p>\n\n\n\n<p>De igual modo, se ha celebrado congreso local en Emperador donde el presidente local elegido es Alberto Bayarri, mientras que en el que se ha desarrollado en El Puig de Santa Mar\u00eda ha sido Amparo Gramage la elegida como presidenta local.<\/p>\n\n\n\n<p>Ram\u00f3n Pascual, por su parte, es quien dirigir\u00e1 el partido en Benimuslem, al igual que Benjam\u00edn Montes en Dome\u00f1o y Gerardo G\u00f3mez en Camporrobles.<\/p>\n\n\n\n<p>La alta participaci\u00f3n ha sido, de nuevo, la t\u00f3nica dominante en la celebraci\u00f3n de estos c\u00f3nclaves locales que, en esta primera fase, se extender\u00e1n hasta el pr\u00f3ximo 28 de marzo.<\/p>\n","protected":false},"excerpt":{"rendered":"<div class=\"mh-excerpt\">En la tercera semana de celebraci\u00f3n de los congresos locales han sido un total de 13 los c\u00f3nclaves que se han completado de un total de 59 El PP de la provincia de Valencia ha <a class=\"mh-excerpt-more\" href=\"https:\/\/www.tucomarca.com\/wordpress\/segunda\/el-pp-elige-a-sus-direcciones-locales-en-grandes-municipios-como-xativa-betera-lliria-o-burjassot\/\" title=\"El PP elige a sus direcciones locales en grandes municipios como X\u00e0tiva, B\u00e9tera, Ll\u00edria o Burjassot\">[+] <\/a><\/div>\n","protected":false},"author":12,"featured_media":81445,"comment_status":"open","ping_status":"open","sticky":false,"template":"","format":"standard","meta":{"footnotes":""},"categories":[51,46,128,8,47,142,3],"tags":[10398,10395,10396],"class_list":{"0":"post-128554","1":"post","2":"type-post","3":"status-publish","4":"format-standard","5":"has-post-thumbnail","7":"category-betera","8":"category-camp-de-turia","9":"category-infraestructuras","10":"category-la-comarca","11":"category-lliria","12":"category-politica-la-comarca","13":"category-seccion","14":"tag-betera","15":"tag-camp-de-turia","16":"tag-lliria"},"_links":{"self":[{"href":"https:\/\/www.tucomarca.com\/wordpress\/segunda\/wp-json\/wp\/v2\/posts\/128554","targetHints":{"allow":["GET"]}}],"collection":[{"href":"https:\/\/www.tucomarca.com\/wordpress\/segunda\/wp-json\/wp\/v2\/posts"}],"about":[{"href":"https:\/\/www.tucomarca.com\/wordpress\/segunda\/wp-json\/wp\/v2\/types\/post"}],"author":[{"embeddable":true,"href":"https:\/\/www.tucomarca.com\/wordpress\/segunda\/wp-json\/wp\/v2\/users\/12"}],"replies":[{"embeddable":true,"href":"https:\/\/www.tucomarca.com\/wordpress\/segunda\/wp-json\/wp\/v2\/comments?post=128554"}],"version-history":[{"count":0,"href":"https:\/\/www.tucomarca.com\/wordpress\/segunda\/wp-json\/wp\/v2\/posts\/128554\/revisions"}],"wp:featuredmedia":[{"embeddable":true,"href":"https:\/\/www.tucomarca.com\/wordpress\/segunda\/wp-json\/wp\/v2\/media\/81445"}],"wp:attachment":[{"href":"https:\/\/www.tucomarca.com\/wordpress\/segunda\/wp-json\/wp\/v2\/media?parent=128554"}],"wp:term":[{"taxonomy":"category","embeddable":true,"href":"https:\/\/www.tucomarca.com\/wordpress\/segunda\/wp-json\/wp\/v2\/categories?post=128554"},{"taxonomy":"post_tag","embeddable":true,"href":"https:\/\/www.tucomarca.com\/wordpress\/segunda\/wp-json\/wp\/v2\/tags?post=128554"}],"curies":[{"name":"wp","href":"https:\/\/api.w.org\/{rel}","templated":true}]}}