{"id":129352,"date":"2021-03-23T19:55:00","date_gmt":"2021-03-23T18:55:00","guid":{"rendered":"http:\/\/www.tucomarca.com\/wordpress\/segunda\/?p=129352"},"modified":"2021-03-23T22:58:48","modified_gmt":"2021-03-23T21:58:48","slug":"la-policia-local-de-leliana-levanta-18-actas-durante-la-semana-fallera","status":"publish","type":"post","link":"https:\/\/www.tucomarca.com\/wordpress\/segunda\/la-policia-local-de-leliana-levanta-18-actas-durante-la-semana-fallera\/","title":{"rendered":"La Polic\u00eda Local de L&#8217;Eliana levanta 18 actas durante la semana fallera"},"content":{"rendered":"\n<p><strong>El dispositivo especial ha incluido el refuerzo de la vigilancia en las inmediaciones del Metro para evitar altercados juveniles.&nbsp;<\/strong><\/p>\n\n\n\n<p>La Polic\u00eda Local de l\u2019Eliana ha levantado, la semana del 15 al 21 de marzo, un total de 18 actas en el marco del dispositivo especial puesto en marcha por la Concejal\u00eda de Seguridad Ciudadana para estos d\u00edas de fiesta.<\/p>\n\n\n\n<p>La gran mayor\u00eda de los incumplimientos, hasta 10, responden al no uso o al uso inadecuado de la mascarilla en diferentes puntos de la ciudad. A \u00e9stas se suman otras dos por incumplimiento del toque de queda.<\/p>\n\n\n\n<p>Las m\u00e1s graves corresponden a la desobediencia o resistencia a la autoridad o negativa a identificarse a requerimiento de dos j\u00f3venes de 22 y 26 a\u00f1os y tres actas por consumo o tenencia il\u00edcita de drogas t\u00f3xicas, estupefacientes o sustancias psicotr\u00f3picas en la v\u00eda p\u00fablica a j\u00f3venes tambi\u00e9n de entre 22 y 27 a\u00f1os.<\/p>\n\n\n\n<p>A todas \u00e9stas se suma, tan solo, un acta levantada a un joven de 19 a\u00f1os por el lanzamiento de productos pirot\u00e9cnicos en un parque p\u00fablico durante los que hubieran sido los d\u00edas grandes de las Fallas.<\/p>\n\n\n\n<p>La Polic\u00eda Local ha reforzado el n\u00famero de efectivos por la ma\u00f1ana y por la tarde, con un total de 6 y 8 agentes respectivamente y ha contado durante estos d\u00edas con la colaboraci\u00f3n de otros Cuerpos de Seguridad del Estado como la Polic\u00eda Nacional, Polic\u00eda Auton\u00f3mica o la Guardia Civil para desmantelar posibles convocatorias juveniles masivas junto a las inmediaciones del Metro.<\/p>\n\n\n\n<p>El concejal de Seguridad Ciudadana, Vicente Zamora, ha recordado que los agentes del cuerpo local est\u00e1n al servicio de la ciudadan\u00eda 24 horas los 365 d\u00edas del a\u00f1o para velar por la seguridad de todos y todas.&nbsp;<\/p>\n","protected":false},"excerpt":{"rendered":"<div class=\"mh-excerpt\">El dispositivo especial ha incluido el refuerzo de la vigilancia en las inmediaciones del Metro para evitar altercados juveniles.&nbsp; La Polic\u00eda Local de l\u2019Eliana ha levantado, la semana del 15 al 21 de marzo, un <a class=\"mh-excerpt-more\" href=\"https:\/\/www.tucomarca.com\/wordpress\/segunda\/la-policia-local-de-leliana-levanta-18-actas-durante-la-semana-fallera\/\" title=\"La Polic\u00eda Local de L&#8217;Eliana levanta 18 actas durante la semana fallera\">[+] <\/a><\/div>\n","protected":false},"author":1,"featured_media":129353,"comment_status":"open","ping_status":"open","sticky":false,"template":"","format":"standard","meta":{"footnotes":""},"categories":[46,12201,128,177,8,142,3,116],"tags":[10395,11937,11938,10433],"class_list":{"0":"post-129352","1":"post","2":"type-post","3":"status-publish","4":"format-standard","5":"has-post-thumbnail","7":"category-camp-de-turia","8":"category-covid-19","9":"category-infraestructuras","10":"category-leliana","11":"category-la-comarca","12":"category-politica-la-comarca","13":"category-seccion","14":"category-sucesos-la-comarca","15":"tag-camp-de-turia","16":"tag-coronavirus","17":"tag-covid-19","18":"tag-leliana"},"_links":{"self":[{"href":"https:\/\/www.tucomarca.com\/wordpress\/segunda\/wp-json\/wp\/v2\/posts\/129352","targetHints":{"allow":["GET"]}}],"collection":[{"href":"https:\/\/www.tucomarca.com\/wordpress\/segunda\/wp-json\/wp\/v2\/posts"}],"about":[{"href":"https:\/\/www.tucomarca.com\/wordpress\/segunda\/wp-json\/wp\/v2\/types\/post"}],"author":[{"embeddable":true,"href":"https:\/\/www.tucomarca.com\/wordpress\/segunda\/wp-json\/wp\/v2\/users\/1"}],"replies":[{"embeddable":true,"href":"https:\/\/www.tucomarca.com\/wordpress\/segunda\/wp-json\/wp\/v2\/comments?post=129352"}],"version-history":[{"count":0,"href":"https:\/\/www.tucomarca.com\/wordpress\/segunda\/wp-json\/wp\/v2\/posts\/129352\/revisions"}],"wp:featuredmedia":[{"embeddable":true,"href":"https:\/\/www.tucomarca.com\/wordpress\/segunda\/wp-json\/wp\/v2\/media\/129353"}],"wp:attachment":[{"href":"https:\/\/www.tucomarca.com\/wordpress\/segunda\/wp-json\/wp\/v2\/media?parent=129352"}],"wp:term":[{"taxonomy":"category","embeddable":true,"href":"https:\/\/www.tucomarca.com\/wordpress\/segunda\/wp-json\/wp\/v2\/categories?post=129352"},{"taxonomy":"post_tag","embeddable":true,"href":"https:\/\/www.tucomarca.com\/wordpress\/segunda\/wp-json\/wp\/v2\/tags?post=129352"}],"curies":[{"name":"wp","href":"https:\/\/api.w.org\/{rel}","templated":true}]}}