{"id":129373,"date":"2021-03-24T11:20:00","date_gmt":"2021-03-24T10:20:00","guid":{"rendered":"http:\/\/www.tucomarca.com\/wordpress\/segunda\/?p=129373"},"modified":"2021-03-24T21:03:24","modified_gmt":"2021-03-24T20:03:24","slug":"el-ayuntamiento-de-vilamarxant-invertira-mas-de-360-000-euros-en-el-poligono-industrial-enchilagar-del-rullo-durante-2021","status":"publish","type":"post","link":"https:\/\/www.tucomarca.com\/wordpress\/segunda\/el-ayuntamiento-de-vilamarxant-invertira-mas-de-360-000-euros-en-el-poligono-industrial-enchilagar-del-rullo-durante-2021\/","title":{"rendered":"El Ayuntamiento de Vilamarxant invertir\u00e1 m\u00e1s de 360.000 euros en el pol\u00edgono industrial Enchilagar del Rullo durante 2021"},"content":{"rendered":"\n<p>El Ayuntamiento de Vilamarxant invertir\u00e1 m\u00e1s de 360.000 euros en el pol\u00edgono industrial Enchilagar del Rullo durante el a\u00f1o 2021 para reforzar su desarrollo y convertirlo en un gran generador de riqueza y puestos de trabajo.<\/p>\n\n\n\n<p>El pasado lunes, 22 de marzo, se public\u00f3 la resoluci\u00f3n de la subvenci\u00f3n presentada al Instituto Valenciano de Competitividad Empresarial (IVACE), dependiente de la Conselleria de Econom\u00eda Sostenible, Sectores Productivos, Comercio y Trabajo, por la que se establec\u00eda que el municipio de Vilamarxant recibir\u00eda una aportaci\u00f3n de 165.340 euros para el plan de inversiones propuesto.<\/p>\n\n\n\n<p>De esta forma, el Ayuntamiento de Vilamarxant, a trav\u00e9s de la Concejal\u00eda de Promoci\u00f3n Econ\u00f3mica, invertir\u00e1 un importante capital econ\u00f3mico para construir una rotonda en la CV-3770 que regule el tr\u00e1fico de acceso a las calles 16, 17, 18 y 21, dotar de c\u00e1maras de seguridad e identificaci\u00f3n de matr\u00edculas a todos los accesos posibles al pol\u00edgono, instalaci\u00f3n de monolitos con el callejero de la zona industrial, repintar todas las marcas viales y realizar actuaciones para reparar aceras, calles y conservaci\u00f3n de zonas verdes.<\/p>\n\n\n\n<p>V\u00edctor Sanchis, concejal de Promoci\u00f3n Econ\u00f3mica, ha explicado la importancia de esta inversi\u00f3n en la zona industrial de Vilamarxant: \u201cUna vez m\u00e1s ponemos de manifiesto el compromiso del Ayuntamiento y, en concreto del \u00e1rea que dirijo, en la mejora y desarrollo del pol\u00edgono como motor generador de riqueza y puestos de trabajo\u201d.<\/p>\n\n\n\n<p>\u201cEl pol\u00edgono industrial ha pasado de ser un barrio olvidado del municipio a convertirse en uno de los principales polos de inversi\u00f3n y actividad de Vilamarxant de los \u00faltimos a\u00f1os\u201d, ha agregado Sanchis.<\/p>\n","protected":false},"excerpt":{"rendered":"<div class=\"mh-excerpt\">El Ayuntamiento de Vilamarxant invertir\u00e1 m\u00e1s de 360.000 euros en el pol\u00edgono industrial Enchilagar del Rullo durante el a\u00f1o 2021 para reforzar su desarrollo y convertirlo en un gran generador de riqueza y puestos de <a class=\"mh-excerpt-more\" href=\"https:\/\/www.tucomarca.com\/wordpress\/segunda\/el-ayuntamiento-de-vilamarxant-invertira-mas-de-360-000-euros-en-el-poligono-industrial-enchilagar-del-rullo-durante-2021\/\" title=\"El Ayuntamiento de Vilamarxant invertir\u00e1 m\u00e1s de 360.000 euros en el pol\u00edgono industrial Enchilagar del Rullo durante 2021\">[+] <\/a><\/div>\n","protected":false},"author":12,"featured_media":129374,"comment_status":"open","ping_status":"open","sticky":false,"template":"","format":"standard","meta":{"footnotes":""},"categories":[46,128,8,142,3,184],"tags":[10395,433,2289,10439],"class_list":{"0":"post-129373","1":"post","2":"type-post","3":"status-publish","4":"format-standard","5":"has-post-thumbnail","7":"category-camp-de-turia","8":"category-infraestructuras","9":"category-la-comarca","10":"category-politica-la-comarca","11":"category-seccion","12":"category-vilamarxant","13":"tag-camp-de-turia","14":"tag-inversion","15":"tag-poligono-industrial","16":"tag-vilamarxant"},"_links":{"self":[{"href":"https:\/\/www.tucomarca.com\/wordpress\/segunda\/wp-json\/wp\/v2\/posts\/129373","targetHints":{"allow":["GET"]}}],"collection":[{"href":"https:\/\/www.tucomarca.com\/wordpress\/segunda\/wp-json\/wp\/v2\/posts"}],"about":[{"href":"https:\/\/www.tucomarca.com\/wordpress\/segunda\/wp-json\/wp\/v2\/types\/post"}],"author":[{"embeddable":true,"href":"https:\/\/www.tucomarca.com\/wordpress\/segunda\/wp-json\/wp\/v2\/users\/12"}],"replies":[{"embeddable":true,"href":"https:\/\/www.tucomarca.com\/wordpress\/segunda\/wp-json\/wp\/v2\/comments?post=129373"}],"version-history":[{"count":0,"href":"https:\/\/www.tucomarca.com\/wordpress\/segunda\/wp-json\/wp\/v2\/posts\/129373\/revisions"}],"wp:featuredmedia":[{"embeddable":true,"href":"https:\/\/www.tucomarca.com\/wordpress\/segunda\/wp-json\/wp\/v2\/media\/129374"}],"wp:attachment":[{"href":"https:\/\/www.tucomarca.com\/wordpress\/segunda\/wp-json\/wp\/v2\/media?parent=129373"}],"wp:term":[{"taxonomy":"category","embeddable":true,"href":"https:\/\/www.tucomarca.com\/wordpress\/segunda\/wp-json\/wp\/v2\/categories?post=129373"},{"taxonomy":"post_tag","embeddable":true,"href":"https:\/\/www.tucomarca.com\/wordpress\/segunda\/wp-json\/wp\/v2\/tags?post=129373"}],"curies":[{"name":"wp","href":"https:\/\/api.w.org\/{rel}","templated":true}]}}