{"id":129434,"date":"2021-03-25T08:00:00","date_gmt":"2021-03-25T07:00:00","guid":{"rendered":"http:\/\/www.tucomarca.com\/wordpress\/segunda\/?p=129434"},"modified":"2021-03-25T10:45:40","modified_gmt":"2021-03-25T09:45:40","slug":"la-diputacio-y-la-generalitat-coordinan-nuevas-politicas-de-vivienda-para-evitar-la-despoblacion","status":"publish","type":"post","link":"https:\/\/www.tucomarca.com\/wordpress\/segunda\/la-diputacio-y-la-generalitat-coordinan-nuevas-politicas-de-vivienda-para-evitar-la-despoblacion\/","title":{"rendered":"La Diputaci\u00f3 y la Generalitat coordinan nuevas pol\u00edticas de vivienda para evitar la despoblaci\u00f3n"},"content":{"rendered":"\n<p>La Diputaci\u00f3 de Val\u00e8ncia y la Generalitat Valenciana mantienen su colaboraci\u00f3n en materia de vivienda y coordinar\u00e1n nuevas pol\u00edticas para evitar la despoblaci\u00f3n en los municipios de la provincia, en especial aquellos menos poblados y en zonas de interior afectadas por la problem\u00e1tica de la p\u00e9rdida de habitantes.<\/p>\n\n\n\n<p>Esta ha sido la principal conclusi\u00f3n de la reuni\u00f3n mantenida este mi\u00e9rcoles en sede provincial entre el presidente de la Diputaci\u00f3, Toni Gaspar, y el secretario auton\u00f3mico de Vivienda, C\u00e9sar Jim\u00e9nez, en la que tambi\u00e9n ha participado el diputado de Desarrollo Rural y Pol\u00edticas contra la Despoblaci\u00f3n, Ramiro Rivera.<\/p>\n\n\n\n<p>Tras el encuentro, los responsables provinciales han destacado la importancia de la colaboraci\u00f3n institucional en la lucha contra la despoblaci\u00f3n, al tiempo que han avanzado que se trabaja en la firma de un convenio con el que la corporaci\u00f3n provincial implementar\u00e1 las medidas adoptadas por el Consell para facilitar el acceso a la vivienda, especialmente en estas zonas en riesgo de despoblaci\u00f3n.&nbsp;<\/p>\n","protected":false},"excerpt":{"rendered":"<div class=\"mh-excerpt\">La Diputaci\u00f3 de Val\u00e8ncia y la Generalitat Valenciana mantienen su colaboraci\u00f3n en materia de vivienda y coordinar\u00e1n nuevas pol\u00edticas para evitar la despoblaci\u00f3n en los municipios de la provincia, en especial aquellos menos poblados y <a class=\"mh-excerpt-more\" href=\"https:\/\/www.tucomarca.com\/wordpress\/segunda\/la-diputacio-y-la-generalitat-coordinan-nuevas-politicas-de-vivienda-para-evitar-la-despoblacion\/\" title=\"La Diputaci\u00f3 y la Generalitat coordinan nuevas pol\u00edticas de vivienda para evitar la despoblaci\u00f3n\">[+] <\/a><\/div>\n","protected":false},"author":1,"featured_media":129436,"comment_status":"open","ping_status":"open","sticky":false,"template":"","format":"standard","meta":{"footnotes":""},"categories":[49,38,46,128,70,8,72,59,142,27,3,45],"tags":[13940,2672],"class_list":{"0":"post-129434","1":"post","2":"type-post","3":"status-publish","4":"format-standard","5":"has-post-thumbnail","7":"category-ademuz","8":"category-ayora-cofrentes","9":"category-camp-de-turia","10":"category-infraestructuras","11":"category-la-canal-de-navarres","12":"category-la-comarca","13":"category-sin-categorizar","14":"category-los-serranos","15":"category-politica-la-comarca","16":"category-requena-utiel","17":"category-seccion","18":"category-ventana","19":"tag-diputacio-de-valencia-2","20":"tag-vivienda"},"_links":{"self":[{"href":"https:\/\/www.tucomarca.com\/wordpress\/segunda\/wp-json\/wp\/v2\/posts\/129434","targetHints":{"allow":["GET"]}}],"collection":[{"href":"https:\/\/www.tucomarca.com\/wordpress\/segunda\/wp-json\/wp\/v2\/posts"}],"about":[{"href":"https:\/\/www.tucomarca.com\/wordpress\/segunda\/wp-json\/wp\/v2\/types\/post"}],"author":[{"embeddable":true,"href":"https:\/\/www.tucomarca.com\/wordpress\/segunda\/wp-json\/wp\/v2\/users\/1"}],"replies":[{"embeddable":true,"href":"https:\/\/www.tucomarca.com\/wordpress\/segunda\/wp-json\/wp\/v2\/comments?post=129434"}],"version-history":[{"count":0,"href":"https:\/\/www.tucomarca.com\/wordpress\/segunda\/wp-json\/wp\/v2\/posts\/129434\/revisions"}],"wp:featuredmedia":[{"embeddable":true,"href":"https:\/\/www.tucomarca.com\/wordpress\/segunda\/wp-json\/wp\/v2\/media\/129436"}],"wp:attachment":[{"href":"https:\/\/www.tucomarca.com\/wordpress\/segunda\/wp-json\/wp\/v2\/media?parent=129434"}],"wp:term":[{"taxonomy":"category","embeddable":true,"href":"https:\/\/www.tucomarca.com\/wordpress\/segunda\/wp-json\/wp\/v2\/categories?post=129434"},{"taxonomy":"post_tag","embeddable":true,"href":"https:\/\/www.tucomarca.com\/wordpress\/segunda\/wp-json\/wp\/v2\/tags?post=129434"}],"curies":[{"name":"wp","href":"https:\/\/api.w.org\/{rel}","templated":true}]}}