{"id":129507,"date":"2021-03-25T08:00:00","date_gmt":"2021-03-25T07:00:00","guid":{"rendered":"http:\/\/www.tucomarca.com\/wordpress\/segunda\/?p=129507"},"modified":"2021-03-25T22:55:25","modified_gmt":"2021-03-25T21:55:25","slug":"la-diputacio-situa-a-la-mujer-rural-como-referente-de-emprendedurismo-en-su-tercer-foro-de-igualdad","status":"publish","type":"post","link":"https:\/\/www.tucomarca.com\/wordpress\/segunda\/la-diputacio-situa-a-la-mujer-rural-como-referente-de-emprendedurismo-en-su-tercer-foro-de-igualdad\/","title":{"rendered":"La Diputaci\u00f3 sit\u00faa a la mujer rural como referente de emprendedurismo en su tercer foro de Igualdad"},"content":{"rendered":"\n<h4 class=\"wp-block-heading\"><strong>El foro ha servido para presentar el v\u00eddeo de mujeres referentes subvencionado por la Diputaci\u00f3, centrado en las historias de \u00e9xito de ocho emprendedoras en el medio rural&nbsp;<\/strong><\/h4>\n\n\n\n<h4 class=\"wp-block-heading\"><strong>La corporaci\u00f3n ha querido reconocer y dar voz a estas empresarias de distintas edades y procedentes de diferentes sectores para servir de ejemplo a las nuevas generaciones<\/strong><\/h4>\n\n\n\n<p>\u201cMujeres valientes, inspiradoras y perseverantes que nos muestran sus historias de emprendimiento para que nos veamos en ellas\u201d. As\u00ed define la diputada de Igualdad, Eli Garc\u00eda, a las protagonistas del III Foro Dipu \u2018Entorno rural: mujeres indispensables\u2019, organizado por la corporaci\u00f3n provincial y dedicado en esta ocasi\u00f3n a la mujer rural.<\/p>\n\n\n\n<p>La primera parte del foro ha estado dedicada a homenajear a las ocho mujeres emprendedoras escogidas como referentes en el mundo rural, las cuales han protagonizado un v\u00eddeo realizado por FADEMUR PV (Federaci\u00f3n de Asociaciones de Mujeres Rurales del Pa\u00eds Valenci\u00e0) y subvencionado por la Diputaci\u00f3.&nbsp;<\/p>\n\n\n\n<p>En el audiovisual, presentado por las codirectoras del mismo, Laura Mata y Mar\u00eda Bernab\u00e9u (FADEMUR PV), cada una de las ocho mujeres cuenta su historia y las dificultades que se han encontrado en su camino hacia el \u00e9xito. Se trata de empresarias de edades variadas y pertenecientes a sectores econ\u00f3micos tan diversos como la hosteler\u00eda, la construcci\u00f3n, la apicultura, el turismo rural, el cultivo de la trufa, la producci\u00f3n de aceite, el transporte y la industria c\u00e1rnica.<\/p>\n\n\n\n<p>El objetivo de la iniciativa \u2018Mujeres referentes en el entorno rural\u2019 es visibilizar, reconocer y dar voz a aquellas figuras femeninas que, a trav\u00e9s del esfuerzo y el sacrificio en un mundo lleno de obst\u00e1culos para ellas, han hecho de sus empresas un referente en su zona. De este modo, se premia su dedicaci\u00f3n, trayectoria y atrevimiento, dando voz a su historia y negocio. \u201cLo que pretendemos es incidir en el protagonismo y la importancia que tienen las mujeres en el desarrollo econ\u00f3mico y social del medio rural\u201d, ha subrayado la diputada de Igualdad Eli Garc\u00eda.<\/p>\n\n\n\n<p><strong>Perfiles de las ocho mujeres referentes<\/strong><\/p>\n\n\n\n<p>Todas estas historias sirven como ejemplos claros para aquellas j\u00f3venes que viven en el entorno rural y que tienen en mente comenzar un proyecto por su cuenta. \u201cLo que queremos es que piensen que si nosotras hemos podido ellas tambi\u00e9n\u201d, resume Virginia Espinosa, ingeniera forestal que se decidi\u00f3 marcharse de Valencia a Aras de los Olmos para fundar una compa\u00f1\u00eda de asesoramiento en el cultivo de la trufa.<\/p>\n\n\n\n<p>Tambi\u00e9n hay que destacar la historia de Clementina Domingo, que decidi\u00f3 volver a su pueblo, Gestalgar, despu\u00e9s de ser madre para comercializar miel de cosecha propia. \u201cGracias a las nuevas tecnolog\u00edas he podido sacar adelante mi negocio sin renunciar a la maternidad\u201d, resalta. En la misma l\u00ednea Mar\u00eda Dolores Ferrando, dedicada a la producci\u00f3n y venta de aceite y al oleoturismo en Requena, sostiene que \u201cla digitalizaci\u00f3n y el e-commerce han abierto muchas oportunidades para el mundo rural que van m\u00e1s all\u00e1 de sectores tradicionales como la agricultura\u201d.<\/p>\n\n\n\n<p>Curioso es el caso de Yolanda Albert, que estudi\u00f3 m\u00fasica pero que acab\u00f3 siendo propietaria de la empresa de su familia en Olocau, dedicada a materiales de construcci\u00f3n, y que ha puesto en marcha, gracias a su creatividad, proyectos innovadores como un piano para sordos o una tienda online en 3D. \u201cNosotras somos unas afortunadas pero muchas mujeres del mundo rural siguen sin ser reconocidas\u201d, afirma.<\/p>\n\n\n\n<p>No son pocos los \u00e1mbitos econ\u00f3micos del mundo rural que est\u00e1n absolutamente masculinizados y que, por ello, est\u00e1n llenos de obst\u00e1culos para las mujeres. Uno de ellos es, claramente, el transporte, al que pertenece la compa\u00f1\u00eda de autocares de Mercedes Goz\u00e1lvez en Ayora, que reconoce \u201cla dif\u00edcil tarea de hacerse valer en un sector copado por hombres\u201d.<\/p>\n\n\n\n<p>Las protagonistas tambi\u00e9n han tenido palabras para \u201ctodas aquellas mujeres que nos han precedido a nosotras y que tampoco recibieron el reconocimiento que se merec\u00edan. Ellas han sido nuestro ejemplo y esperamos que nosotras consigamos inspirar a muchas j\u00f3venes\u201d, ha reivindicado Merc\u00e9 Cuesta, que fund\u00f3 un proyecto de alojamientos rurales en municipios de La Serran\u00eda y Camp de T\u00faria.<\/p>\n\n\n\n<p>Por \u00faltimo, los ejemplos de Ana Ferrer, que dirige una empresa c\u00e1rnica en Chelva, y Mar\u00eda Teresa Carrascosa, propietaria de un restaurante en Siete Aguas, sirven para visibilizar el papel de las mujeres en sectores muy tradicionales que normalmente est\u00e1n dirigidos por hombres. \u201cTenemos que dejar de ser las acompa\u00f1antes de nuestros maridos y pasar a ser las protagonistas\u201d, coinciden.<\/p>\n\n\n\n<p>Todas estas historias han dejado claro que las mujeres del medio rural resultan indispensables para su vertebraci\u00f3n territorial y social, y que son una fuente fundamental para la innovaci\u00f3n y el emprendimiento en dicho medio.<\/p>\n\n\n\n<p><strong>III Foro Dipu<\/strong><\/p>\n\n\n\n<p>Durante la segunda parte del seminario, se han analizado, debatido y propuesto soluciones a la situaci\u00f3n actual de las mujeres en el entorno rural, a trav\u00e9s de las intervenciones de representantes de varias asociaciones de mujeres relacionadas con las organizaciones agrarias, que han dado a conocer su visi\u00f3n sobre este sector, as\u00ed como del d\u00eda a d\u00eda de las mujeres agricultoras y ganaderas.<\/p>\n\n\n\n<p>Para finalizar, la diputada Eli Garc\u00eda ha detallado las pol\u00edticas de igualdad dirigidas hacia el mundo rural que se est\u00e1n llevando a cabo desde la delegaci\u00f3n que ella dirige. Ha se\u00f1alado en concreto el apoyo al asociacionismo de mujeres, con una inversi\u00f3n para 2021 de 100.000 euros; las ayudas a los ayuntamientos para la elaboraci\u00f3n de los planes de igualdad, con otros 100.000 euros de subvenci\u00f3n; y el desarrollo de la Red de Municipios Protegidos contra la Violencia de G\u00e9nero, que cuenta con una ayuda de 565.000 euros.<\/p>\n\n\n\n<p>Adem\u00e1s, desde la corporaci\u00f3n provincial se est\u00e1 trabajando en otra serie de proyectos nuevos para el presente ejercicio, como es el caso de \u2018Hacemos que las mujeres cuenten\u2019, \u2018Juntas mejor\u2019, o un estudio sobre la igualdad de g\u00e9nero en el medio rural.<\/p>\n","protected":false},"excerpt":{"rendered":"<div class=\"mh-excerpt\">El foro ha servido para presentar el v\u00eddeo de mujeres referentes subvencionado por la Diputaci\u00f3, centrado en las historias de \u00e9xito de ocho emprendedoras en el medio rural&nbsp; La corporaci\u00f3n ha querido reconocer y dar <a class=\"mh-excerpt-more\" href=\"https:\/\/www.tucomarca.com\/wordpress\/segunda\/la-diputacio-situa-a-la-mujer-rural-como-referente-de-emprendedurismo-en-su-tercer-foro-de-igualdad\/\" title=\"La Diputaci\u00f3 sit\u00faa a la mujer rural como referente de emprendedurismo en su tercer foro de Igualdad\">[+] <\/a><\/div>\n","protected":false},"author":12,"featured_media":129509,"comment_status":"open","ping_status":"open","sticky":false,"template":"","format":"standard","meta":{"footnotes":""},"categories":[49,101,39,38,46,188,193,128,70,8,72,10,42,59,181,142,27,3,12,45],"tags":[3677,13699,13700,14191,9362],"class_list":{"0":"post-129507","1":"post","2":"type-post","3":"status-publish","4":"format-standard","5":"has-post-thumbnail","7":"category-ademuz","8":"category-aras-de-olmos","9":"category-ayora","10":"category-ayora-cofrentes","11":"category-camp-de-turia","12":"category-chelva","13":"category-gestalgar","14":"category-infraestructuras","15":"category-la-canal-de-navarres","16":"category-la-comarca","17":"category-sin-categorizar","18":"category-la-hoya","19":"category-la-ribera","20":"category-los-serranos","21":"category-olocau","22":"category-politica-la-comarca","23":"category-requena-utiel","24":"category-seccion","25":"category-siete-aguas","26":"category-ventana","27":"tag-diputacio-de-valencia","28":"tag-diputada-de-igualdad","29":"tag-eli-garcia","30":"tag-iii-foro-dipu","31":"tag-mujer-rural"},"_links":{"self":[{"href":"https:\/\/www.tucomarca.com\/wordpress\/segunda\/wp-json\/wp\/v2\/posts\/129507","targetHints":{"allow":["GET"]}}],"collection":[{"href":"https:\/\/www.tucomarca.com\/wordpress\/segunda\/wp-json\/wp\/v2\/posts"}],"about":[{"href":"https:\/\/www.tucomarca.com\/wordpress\/segunda\/wp-json\/wp\/v2\/types\/post"}],"author":[{"embeddable":true,"href":"https:\/\/www.tucomarca.com\/wordpress\/segunda\/wp-json\/wp\/v2\/users\/12"}],"replies":[{"embeddable":true,"href":"https:\/\/www.tucomarca.com\/wordpress\/segunda\/wp-json\/wp\/v2\/comments?post=129507"}],"version-history":[{"count":0,"href":"https:\/\/www.tucomarca.com\/wordpress\/segunda\/wp-json\/wp\/v2\/posts\/129507\/revisions"}],"wp:featuredmedia":[{"embeddable":true,"href":"https:\/\/www.tucomarca.com\/wordpress\/segunda\/wp-json\/wp\/v2\/media\/129509"}],"wp:attachment":[{"href":"https:\/\/www.tucomarca.com\/wordpress\/segunda\/wp-json\/wp\/v2\/media?parent=129507"}],"wp:term":[{"taxonomy":"category","embeddable":true,"href":"https:\/\/www.tucomarca.com\/wordpress\/segunda\/wp-json\/wp\/v2\/categories?post=129507"},{"taxonomy":"post_tag","embeddable":true,"href":"https:\/\/www.tucomarca.com\/wordpress\/segunda\/wp-json\/wp\/v2\/tags?post=129507"}],"curies":[{"name":"wp","href":"https:\/\/api.w.org\/{rel}","templated":true}]}}