{"id":129698,"date":"2021-03-28T15:30:00","date_gmt":"2021-03-28T14:30:00","guid":{"rendered":"http:\/\/www.tucomarca.com\/wordpress\/segunda\/?p=129698"},"modified":"2021-03-28T20:47:40","modified_gmt":"2021-03-28T19:47:40","slug":"sanidad-registra-157-nuevos-casos-de-coronavirus-en-la-comunitat-valenciana","status":"publish","type":"post","link":"https:\/\/www.tucomarca.com\/wordpress\/segunda\/sanidad-registra-157-nuevos-casos-de-coronavirus-en-la-comunitat-valenciana\/","title":{"rendered":"Sanidad registra 157 nuevos casos de coronavirus en la Comunitat Valenciana"},"content":{"rendered":"\n<h4 class=\"wp-block-heading\">Por provincias, se han contabilizado 22 nuevos positivos en Castell\u00f3n, 40 en Alicante y 95 en la provincia de Valencia<\/h4>\n\n\n\n<p>La Comunitat Valenciana ha notificado 157 casos nuevos de coronavirus confirmados por prueba PCR o a trav\u00e9s de test de ant\u00edgenos desde la \u00faltima actualizaci\u00f3n, que sit\u00faan la cifra total de positivos en 385.155 personas. Por provincias, la distribuci\u00f3n de nuevos positivos es la siguiente: 22 en Castell\u00f3n (39.357 en total), 40 en Alicante (144.839 en total) y 95 en la provincia de Valencia (200.957). Adem\u00e1s, contin\u00faa habiendo 2 casos sin asignar.<\/p>\n\n\n\n<p><strong>Ayer s\u00e1bado Sanidad registr\u00f3 119 nuevos casos de coronavirus en la Comunitat Valenciana<\/strong><\/p>\n\n\n\n<p>La Comunitat Valenciana ha notificado 119 casos nuevos de coronavirus confirmados por prueba PCR o a trav\u00e9s de test de ant\u00edgenos desde la \u00faltima actualizaci\u00f3n, que sit\u00faan la cifra total de positivos en 384.998 personas. Por provincias, la distribuci\u00f3n de nuevos positivos es la siguiente: 10 en Castell\u00f3n (39.335 en total), 34 en Alicante (144.799 en total) y 75 en la provincia de Valencia (200.862). Adem\u00e1s, contin\u00faa habiendo 2 casos sin asignar.<\/p>\n\n\n\n<p>Adem\u00e1s, se han registrado 7 fallecimientos por coronavirus desde la \u00faltima actualizaci\u00f3n, por lo que el total de defunciones desde el inicio de la pandemia es de 7.124 personas: 780 en la provincia de Castell\u00f3n, 2.702 en la de Alicante y 3.642 en la de Valencia.<\/p>\n","protected":false},"excerpt":{"rendered":"<div class=\"mh-excerpt\">Por provincias, se han contabilizado 22 nuevos positivos en Castell\u00f3n, 40 en Alicante y 95 en la provincia de Valencia La Comunitat Valenciana ha notificado 157 casos nuevos de coronavirus confirmados por prueba PCR o <a class=\"mh-excerpt-more\" href=\"https:\/\/www.tucomarca.com\/wordpress\/segunda\/sanidad-registra-157-nuevos-casos-de-coronavirus-en-la-comunitat-valenciana\/\" title=\"Sanidad registra 157 nuevos casos de coronavirus en la Comunitat Valenciana\">[+] <\/a><\/div>\n","protected":false},"author":12,"featured_media":129702,"comment_status":"open","ping_status":"open","sticky":false,"template":"","format":"standard","meta":{"footnotes":""},"categories":[119,12201,128,8,72,117,142,3,45],"tags":[10635,11937,11938,13475],"class_list":{"0":"post-129698","1":"post","2":"type-post","3":"status-publish","4":"format-standard","5":"has-post-thumbnail","7":"category-sanidad-la-comarca","8":"category-covid-19","9":"category-infraestructuras","10":"category-la-comarca","11":"category-sin-categorizar","12":"category-medio-ambiente-la-comarca","13":"category-politica-la-comarca","14":"category-seccion","15":"category-ventana","16":"tag-conselleria-de-sanitat","17":"tag-coronavirus","18":"tag-covid-19","19":"tag-datos-de-contagios"},"_links":{"self":[{"href":"https:\/\/www.tucomarca.com\/wordpress\/segunda\/wp-json\/wp\/v2\/posts\/129698","targetHints":{"allow":["GET"]}}],"collection":[{"href":"https:\/\/www.tucomarca.com\/wordpress\/segunda\/wp-json\/wp\/v2\/posts"}],"about":[{"href":"https:\/\/www.tucomarca.com\/wordpress\/segunda\/wp-json\/wp\/v2\/types\/post"}],"author":[{"embeddable":true,"href":"https:\/\/www.tucomarca.com\/wordpress\/segunda\/wp-json\/wp\/v2\/users\/12"}],"replies":[{"embeddable":true,"href":"https:\/\/www.tucomarca.com\/wordpress\/segunda\/wp-json\/wp\/v2\/comments?post=129698"}],"version-history":[{"count":0,"href":"https:\/\/www.tucomarca.com\/wordpress\/segunda\/wp-json\/wp\/v2\/posts\/129698\/revisions"}],"wp:featuredmedia":[{"embeddable":true,"href":"https:\/\/www.tucomarca.com\/wordpress\/segunda\/wp-json\/wp\/v2\/media\/129702"}],"wp:attachment":[{"href":"https:\/\/www.tucomarca.com\/wordpress\/segunda\/wp-json\/wp\/v2\/media?parent=129698"}],"wp:term":[{"taxonomy":"category","embeddable":true,"href":"https:\/\/www.tucomarca.com\/wordpress\/segunda\/wp-json\/wp\/v2\/categories?post=129698"},{"taxonomy":"post_tag","embeddable":true,"href":"https:\/\/www.tucomarca.com\/wordpress\/segunda\/wp-json\/wp\/v2\/tags?post=129698"}],"curies":[{"name":"wp","href":"https:\/\/api.w.org\/{rel}","templated":true}]}}