{"id":129777,"date":"2021-03-29T08:00:00","date_gmt":"2021-03-29T07:00:00","guid":{"rendered":"http:\/\/www.tucomarca.com\/wordpress\/segunda\/?p=129777"},"modified":"2021-03-29T17:34:04","modified_gmt":"2021-03-29T16:34:04","slug":"escolares-de-primaria-del-colegio-virgen-del-rosario-de-dos-aguas-visitan-el-ayuntamiento-y-los-comercios-de-la-localidad","status":"publish","type":"post","link":"https:\/\/www.tucomarca.com\/wordpress\/segunda\/escolares-de-primaria-del-colegio-virgen-del-rosario-de-dos-aguas-visitan-el-ayuntamiento-y-los-comercios-de-la-localidad\/","title":{"rendered":"Escolares de Primaria del colegio Virgen del Rosario de Dos Aguas visitan el Ayuntamiento y los comercios de la localidad"},"content":{"rendered":"\n<p>Las ni\u00f1as y ni\u00f1os de Primaria del&nbsp;colegio Virgen del Rosario de Dos Aguas han visitado&nbsp;el Ayuntamiento y los comercios de la localidad. Por las medidas del Covid, fueron recibidos en las&nbsp;puertas de los locales que visitaron, en los que les obsequiaron con una bolsita de chuches.<\/p>\n\n\n\n<p>Despu\u00e9s de esta excursi\u00f3n por el municipio fueron a la Plaza de la Iglesia, donde pudieron almorzar y disfrutar de la ma\u00f1ana soleada.<\/p>\n\n\n\n<figure class=\"wp-block-gallery columns-2 is-cropped wp-block-gallery-1 is-layout-flex wp-block-gallery-is-layout-flex\"><ul class=\"blocks-gallery-grid\"><li class=\"blocks-gallery-item\"><figure><img loading=\"lazy\" decoding=\"async\" width=\"787\" height=\"714\" src=\"https:\/\/www.tucomarca.com\/wordpress\/segunda\/wp-content\/uploads\/2021\/03\/DosAguasVisitaAyto5.jpg\" alt=\"\" data-id=\"129788\" data-full-url=\"https:\/\/www.tucomarca.com\/wordpress\/segunda\/wp-content\/uploads\/2021\/03\/DosAguasVisitaAyto5.jpg\" data-link=\"https:\/\/www.tucomarca.com\/wordpress\/segunda\/?attachment_id=129788\" class=\"wp-image-129788\" srcset=\"https:\/\/www.tucomarca.com\/wordpress\/segunda\/wp-content\/uploads\/2021\/03\/DosAguasVisitaAyto5.jpg 787w, https:\/\/www.tucomarca.com\/wordpress\/segunda\/wp-content\/uploads\/2021\/03\/DosAguasVisitaAyto5-300x272.jpg 300w, https:\/\/www.tucomarca.com\/wordpress\/segunda\/wp-content\/uploads\/2021\/03\/DosAguasVisitaAyto5-768x697.jpg 768w\" sizes=\"auto, (max-width: 787px) 100vw, 787px\" \/><\/figure><\/li><li class=\"blocks-gallery-item\"><figure><img loading=\"lazy\" decoding=\"async\" width=\"787\" height=\"749\" src=\"https:\/\/www.tucomarca.com\/wordpress\/segunda\/wp-content\/uploads\/2021\/03\/DosAguasVisitaAyto2.jpg\" alt=\"\" data-id=\"129782\" data-full-url=\"https:\/\/www.tucomarca.com\/wordpress\/segunda\/wp-content\/uploads\/2021\/03\/DosAguasVisitaAyto2.jpg\" data-link=\"https:\/\/www.tucomarca.com\/wordpress\/segunda\/?attachment_id=129782\" class=\"wp-image-129782\" srcset=\"https:\/\/www.tucomarca.com\/wordpress\/segunda\/wp-content\/uploads\/2021\/03\/DosAguasVisitaAyto2.jpg 787w, https:\/\/www.tucomarca.com\/wordpress\/segunda\/wp-content\/uploads\/2021\/03\/DosAguasVisitaAyto2-300x286.jpg 300w, https:\/\/www.tucomarca.com\/wordpress\/segunda\/wp-content\/uploads\/2021\/03\/DosAguasVisitaAyto2-768x731.jpg 768w\" sizes=\"auto, (max-width: 787px) 100vw, 787px\" \/><\/figure><\/li><li class=\"blocks-gallery-item\"><figure><img loading=\"lazy\" decoding=\"async\" width=\"787\" height=\"760\" src=\"https:\/\/www.tucomarca.com\/wordpress\/segunda\/wp-content\/uploads\/2021\/03\/DosAguasVisitaAyto3.jpg\" alt=\"\" data-id=\"129784\" data-full-url=\"https:\/\/www.tucomarca.com\/wordpress\/segunda\/wp-content\/uploads\/2021\/03\/DosAguasVisitaAyto3.jpg\" data-link=\"https:\/\/www.tucomarca.com\/wordpress\/segunda\/?attachment_id=129784\" class=\"wp-image-129784\" srcset=\"https:\/\/www.tucomarca.com\/wordpress\/segunda\/wp-content\/uploads\/2021\/03\/DosAguasVisitaAyto3.jpg 787w, https:\/\/www.tucomarca.com\/wordpress\/segunda\/wp-content\/uploads\/2021\/03\/DosAguasVisitaAyto3-300x290.jpg 300w, https:\/\/www.tucomarca.com\/wordpress\/segunda\/wp-content\/uploads\/2021\/03\/DosAguasVisitaAyto3-768x742.jpg 768w\" sizes=\"auto, (max-width: 787px) 100vw, 787px\" \/><\/figure><\/li><li class=\"blocks-gallery-item\"><figure><img loading=\"lazy\" decoding=\"async\" width=\"787\" height=\"591\" src=\"https:\/\/www.tucomarca.com\/wordpress\/segunda\/wp-content\/uploads\/2021\/03\/DosAguasVisitaAyto4.jpg\" alt=\"\" data-id=\"129786\" data-full-url=\"https:\/\/www.tucomarca.com\/wordpress\/segunda\/wp-content\/uploads\/2021\/03\/DosAguasVisitaAyto4.jpg\" data-link=\"https:\/\/www.tucomarca.com\/wordpress\/segunda\/?attachment_id=129786\" class=\"wp-image-129786\" srcset=\"https:\/\/www.tucomarca.com\/wordpress\/segunda\/wp-content\/uploads\/2021\/03\/DosAguasVisitaAyto4.jpg 787w, https:\/\/www.tucomarca.com\/wordpress\/segunda\/wp-content\/uploads\/2021\/03\/DosAguasVisitaAyto4-300x225.jpg 300w, https:\/\/www.tucomarca.com\/wordpress\/segunda\/wp-content\/uploads\/2021\/03\/DosAguasVisitaAyto4-768x577.jpg 768w, https:\/\/www.tucomarca.com\/wordpress\/segunda\/wp-content\/uploads\/2021\/03\/DosAguasVisitaAyto4-678x509.jpg 678w, https:\/\/www.tucomarca.com\/wordpress\/segunda\/wp-content\/uploads\/2021\/03\/DosAguasVisitaAyto4-326x245.jpg 326w, https:\/\/www.tucomarca.com\/wordpress\/segunda\/wp-content\/uploads\/2021\/03\/DosAguasVisitaAyto4-80x60.jpg 80w\" sizes=\"auto, (max-width: 787px) 100vw, 787px\" \/><\/figure><\/li><\/ul><\/figure>\n","protected":false},"excerpt":{"rendered":"<div class=\"mh-excerpt\">Las ni\u00f1as y ni\u00f1os de Primaria del&nbsp;colegio Virgen del Rosario de Dos Aguas han visitado&nbsp;el Ayuntamiento y los comercios de la localidad. Por las medidas del Covid, fueron recibidos en las&nbsp;puertas de los locales que <a class=\"mh-excerpt-more\" href=\"https:\/\/www.tucomarca.com\/wordpress\/segunda\/escolares-de-primaria-del-colegio-virgen-del-rosario-de-dos-aguas-visitan-el-ayuntamiento-y-los-comercios-de-la-localidad\/\" title=\"Escolares de Primaria del colegio Virgen del Rosario de Dos Aguas visitan el Ayuntamiento y los comercios de la localidad\">[+] <\/a><\/div>\n","protected":false},"author":12,"featured_media":129780,"comment_status":"open","ping_status":"open","sticky":false,"template":"","format":"gallery","meta":{"footnotes":""},"categories":[15,128,8,10,5,3],"tags":[14233,993,5952],"class_list":{"0":"post-129777","1":"post","2":"type-post","3":"status-publish","4":"format-gallery","5":"has-post-thumbnail","7":"category-dos-aguas","8":"category-infraestructuras","9":"category-la-comarca","10":"category-la-hoya","11":"category-la-semana-en-imagenes","12":"category-seccion","13":"tag-ayuntamiento-de-dos-aguas","14":"tag-colegio","15":"tag-la-hoya-de-bunol-chiva","16":"post_format-post-format-gallery"},"_links":{"self":[{"href":"https:\/\/www.tucomarca.com\/wordpress\/segunda\/wp-json\/wp\/v2\/posts\/129777","targetHints":{"allow":["GET"]}}],"collection":[{"href":"https:\/\/www.tucomarca.com\/wordpress\/segunda\/wp-json\/wp\/v2\/posts"}],"about":[{"href":"https:\/\/www.tucomarca.com\/wordpress\/segunda\/wp-json\/wp\/v2\/types\/post"}],"author":[{"embeddable":true,"href":"https:\/\/www.tucomarca.com\/wordpress\/segunda\/wp-json\/wp\/v2\/users\/12"}],"replies":[{"embeddable":true,"href":"https:\/\/www.tucomarca.com\/wordpress\/segunda\/wp-json\/wp\/v2\/comments?post=129777"}],"version-history":[{"count":0,"href":"https:\/\/www.tucomarca.com\/wordpress\/segunda\/wp-json\/wp\/v2\/posts\/129777\/revisions"}],"wp:featuredmedia":[{"embeddable":true,"href":"https:\/\/www.tucomarca.com\/wordpress\/segunda\/wp-json\/wp\/v2\/media\/129780"}],"wp:attachment":[{"href":"https:\/\/www.tucomarca.com\/wordpress\/segunda\/wp-json\/wp\/v2\/media?parent=129777"}],"wp:term":[{"taxonomy":"category","embeddable":true,"href":"https:\/\/www.tucomarca.com\/wordpress\/segunda\/wp-json\/wp\/v2\/categories?post=129777"},{"taxonomy":"post_tag","embeddable":true,"href":"https:\/\/www.tucomarca.com\/wordpress\/segunda\/wp-json\/wp\/v2\/tags?post=129777"}],"curies":[{"name":"wp","href":"https:\/\/api.w.org\/{rel}","templated":true}]}}