{"id":129883,"date":"2021-03-30T19:00:00","date_gmt":"2021-03-30T18:00:00","guid":{"rendered":"http:\/\/www.tucomarca.com\/wordpress\/segunda\/?p=129883"},"modified":"2021-03-30T19:44:45","modified_gmt":"2021-03-30T18:44:45","slug":"el-ayuntamiento-reanuda-el-programa-saludable-benaguasil-cuidat","status":"publish","type":"post","link":"https:\/\/www.tucomarca.com\/wordpress\/segunda\/el-ayuntamiento-reanuda-el-programa-saludable-benaguasil-cuidat\/","title":{"rendered":"El Ayuntamiento reanuda el programa saludable \u201cBenaguasil Cuida\u2019t\u201d"},"content":{"rendered":"\n<h4 class=\"wp-block-heading\">El programa municipal incluye actividades de car\u00e1cter deportivo, l\u00fadico y formativo.<\/h4>\n\n\n\n<h4 class=\"wp-block-heading\">El objetivo de \u201cBenaguasil Cuida\u2019t\u201d es promover la participaci\u00f3n social de las personas mayores, fomentar la pr\u00e1ctica deportiva y los h\u00e1bitos de vida saludables.<\/h4>\n\n\n\n<p>El Ayuntamiento reanudar\u00e1 el pr\u00f3ximo 6 de abril el programa municipal de actividades saludables \u201cBenaguasil Cuida\u2019t\u201d, dirigido a las personas mayores de 55 a\u00f1os, y que tuvo que suspenderse por la situaci\u00f3n sanitaria generada por la covid-19.<\/p>\n\n\n\n<p>Promovido por las concejal\u00edas de Deportes y Participaci\u00f3n Ciudadana, el programa se pone nuevamente en marcha cumpliendo todas las medidas de seguridad e higiene establecidas por las autoridades sanitarias.&nbsp;<\/p>\n\n\n\n<p>La primera de las actividades a realizar ser\u00e1 el taller \u201cActiva tu mente\u201d, que se imparte dos d\u00edas a la semana para ayudar a las personas mayores a ejercitar su mente a trav\u00e9s de juegos, din\u00e1micas y otras actividades que les ayuden a estimular su cerebro, y a prevenir el envejecimiento cerebral.&nbsp;<\/p>\n\n\n\n<p>La gimnasia al aire libre que se celebra en el Polideportivo los martes y jueves de cada mes es otra de las actividades que se retoman, como tambi\u00e9n lo hace el curso de iniciaci\u00f3n a la inform\u00e1tica que todos los lunes se imparte en el aula de inform\u00e1tica de la Biblioteca para acercar las nuevas tecnolog\u00edas a las personas mayores.<\/p>\n\n\n\n<p>El programa municipal se completa con la actividad \u201cBaile en l\u00ednea\u201d que se realizar\u00e1 en la Avenida de Montiel y con paseos saludables por las v\u00edas verdes que atraviesan Benaguasil.<\/p>\n\n\n\n<p>Desde el Ayuntamiento se ha retomado este proyecto adecu\u00e1ndolo a las nuevas medidas sanitarias que obligan al distanciamiento, al uso de mascarilla y, que persigue prevenir, estimular y mejorar las capacidades f\u00edsicas de las personas y promover un envejecimiento activo de la poblaci\u00f3n.<\/p>\n","protected":false},"excerpt":{"rendered":"<div class=\"mh-excerpt\">El programa municipal incluye actividades de car\u00e1cter deportivo, l\u00fadico y formativo. El objetivo de \u201cBenaguasil Cuida\u2019t\u201d es promover la participaci\u00f3n social de las personas mayores, fomentar la pr\u00e1ctica deportiva y los h\u00e1bitos de vida saludables. <a class=\"mh-excerpt-more\" href=\"https:\/\/www.tucomarca.com\/wordpress\/segunda\/el-ayuntamiento-reanuda-el-programa-saludable-benaguasil-cuidat\/\" title=\"El Ayuntamiento reanuda el programa saludable \u201cBenaguasil Cuida\u2019t\u201d\">[+] <\/a><\/div>\n","protected":false},"author":12,"featured_media":129884,"comment_status":"open","ping_status":"open","sticky":false,"template":"","format":"standard","meta":{"footnotes":""},"categories":[4,172,46,119,6,128,8,199,142,3],"tags":[10429,10395,11937,11938,545,3765],"class_list":{"0":"post-129883","1":"post","2":"type-post","3":"status-publish","4":"format-standard","5":"has-post-thumbnail","7":"category-agenda","8":"category-benaguasil","9":"category-camp-de-turia","10":"category-sanidad-la-comarca","11":"category-deportes","12":"category-infraestructuras","13":"category-la-comarca","14":"category-polideportivo","15":"category-politica-la-comarca","16":"category-seccion","17":"tag-benaguasil","18":"tag-camp-de-turia","19":"tag-coronavirus","20":"tag-covid-19","21":"tag-deporte","22":"tag-habitos-saludables"},"_links":{"self":[{"href":"https:\/\/www.tucomarca.com\/wordpress\/segunda\/wp-json\/wp\/v2\/posts\/129883","targetHints":{"allow":["GET"]}}],"collection":[{"href":"https:\/\/www.tucomarca.com\/wordpress\/segunda\/wp-json\/wp\/v2\/posts"}],"about":[{"href":"https:\/\/www.tucomarca.com\/wordpress\/segunda\/wp-json\/wp\/v2\/types\/post"}],"author":[{"embeddable":true,"href":"https:\/\/www.tucomarca.com\/wordpress\/segunda\/wp-json\/wp\/v2\/users\/12"}],"replies":[{"embeddable":true,"href":"https:\/\/www.tucomarca.com\/wordpress\/segunda\/wp-json\/wp\/v2\/comments?post=129883"}],"version-history":[{"count":0,"href":"https:\/\/www.tucomarca.com\/wordpress\/segunda\/wp-json\/wp\/v2\/posts\/129883\/revisions"}],"wp:featuredmedia":[{"embeddable":true,"href":"https:\/\/www.tucomarca.com\/wordpress\/segunda\/wp-json\/wp\/v2\/media\/129884"}],"wp:attachment":[{"href":"https:\/\/www.tucomarca.com\/wordpress\/segunda\/wp-json\/wp\/v2\/media?parent=129883"}],"wp:term":[{"taxonomy":"category","embeddable":true,"href":"https:\/\/www.tucomarca.com\/wordpress\/segunda\/wp-json\/wp\/v2\/categories?post=129883"},{"taxonomy":"post_tag","embeddable":true,"href":"https:\/\/www.tucomarca.com\/wordpress\/segunda\/wp-json\/wp\/v2\/tags?post=129883"}],"curies":[{"name":"wp","href":"https:\/\/api.w.org\/{rel}","templated":true}]}}