{"id":130215,"date":"2021-04-03T17:00:00","date_gmt":"2021-04-03T16:00:00","guid":{"rendered":"http:\/\/www.tucomarca.com\/wordpress\/segunda\/?p=130215"},"modified":"2021-04-05T10:30:49","modified_gmt":"2021-04-05T09:30:49","slug":"sanidad-registra-212-nuevos-casos-de-coronavirus-8-fallecimientos-y-122-altas-en-la-comunitat","status":"publish","type":"post","link":"https:\/\/www.tucomarca.com\/wordpress\/segunda\/sanidad-registra-212-nuevos-casos-de-coronavirus-8-fallecimientos-y-122-altas-en-la-comunitat\/","title":{"rendered":"Sanidad registra 212 nuevos casos de coronavirus, 8 fallecimientos y 122 altas en la Comunitat"},"content":{"rendered":"\n<h4 class=\"wp-block-heading\"><strong>Por provincias: 38 en Castell\u00f3n, 79 en Alicante y 95 en Valencia<\/strong><\/h4>\n\n\n\n<h4 class=\"wp-block-heading\"><strong>Los hospitales valencianos tienen 385 personas ingresadas por coronavirus y 88 en las unidades de cuidados intensivos<\/strong><\/h4>\n\n\n\n<p>La Comunitat Valenciana ha registrado 212 casos nuevos de coronavirus confirmados por prueba PCR o a trav\u00e9s de test de ant\u00edgenos desde la \u00faltima actualizaci\u00f3n, que sit\u00faan la cifra total de positivos en 386.114 personas.&nbsp;<\/p>\n\n\n\n<p>Por provincias, la distribuci\u00f3n de nuevos positivos es la siguiente: 38 en Castell\u00f3n (39.466 en total), 79 en Alicante (145.138 en total) y 95 en la provincia de Valencia (201.509). Contin\u00faa habiendo un caso sin asignar.<\/p>\n\n\n\n<p>Desde la \u00faltima actualizaci\u00f3n se han registrado 122 altas a pacientes con coronavirus. De esta forma, ya son 386.859 personas en la Comunitat Valenciana las que han superado la enfermedad desde que comenz\u00f3 la pandemia. Por provincias, las altas se distribuyen del siguiente modo: 39.877 en Castell\u00f3n, 144.933 en Alicante y 201.994 en Valencia, adem\u00e1s de 55 no asignadas.<\/p>\n\n\n\n<p>Los hospitales valencianos tienen, actualmente, 385 personas ingresadas: 28 en la provincia de Castell\u00f3n, con 7 pacientes en UCI; 187 en la provincia de Alicante, 36 de ellos en la UCI; y 170 en la provincia de Valencia, 45 de ellos en UCI.<\/p>\n\n\n\n<p>Adem\u00e1s, se han registrado 8 fallecimientos por coronavirus desde la \u00faltima actualizaci\u00f3n, por lo que el total de defunciones desde el inicio de la pandemia es de 7.177 personas: 780 en la provincia de Castell\u00f3n, 2.726 en la de Alicante y 3.671 en la de Valencia.<\/p>\n\n\n\n<p><strong>Actualizaci\u00f3n de la situaci\u00f3n en residencias<\/strong><\/p>\n\n\n\n<p>Desde la \u00faltima actualizaci\u00f3n, los casos positivos en residencias de mayores se mantienen en 4 (1 en la provincia de Alicante y 3 en la provincia de Valencia).&nbsp;<\/p>\n\n\n\n<p>&#8211; Residentes nuevos positivos: 4<\/p>\n\n\n\n<p>&#8211; Trabajadores y trabajadoras nuevos positivos: 0<\/p>\n\n\n\n<p>&#8211; Residentes que han fallecido: 1<\/p>\n\n\n\n<p>Actualmente, se encuentran bajo vigilancia activa de control sanitario 2 residencias en la Comunitat Valenciana: 1 en la provincia de Alicante y 1 en la provincia de Valencia.<\/p>\n\n\n\n<p><strong>Actualizaci\u00f3n brotes de coronavirus<\/strong><\/p>\n\n\n\n<p>Se han registrado 8 nuevos brotes desde la \u00faltima actualizaci\u00f3n:<\/p>\n\n\n\n<p>\u00b7 La Pobla de Farnals: 8 casos. Origen social<\/p>\n\n\n\n<p>\u00b7 L&#8217;Alf\u00e0s del Pi: 6 casos. Origen social<\/p>\n\n\n\n<p>\u00b7 Val\u00e8ncia: 5 casos. Origen social<\/p>\n\n\n\n<p>\u00b7 Alicante: 6 casos. Origen social<\/p>\n\n\n\n<p>\u00b7 Callosa d&#8217;En Sarri\u00e0: 5 casos. Origen social<\/p>\n\n\n\n<p>\u00b7 Val\u00e8ncia: 3 casos. Origen social<\/p>\n\n\n\n<p>\u00b7 Almorad\u00ed: 6 casos. Origen social<\/p>\n\n\n\n<p>\u00b7 Faura: 9 casos. Origen laboral<\/p>\n","protected":false},"excerpt":{"rendered":"<div class=\"mh-excerpt\">Por provincias: 38 en Castell\u00f3n, 79 en Alicante y 95 en Valencia Los hospitales valencianos tienen 385 personas ingresadas por coronavirus y 88 en las unidades de cuidados intensivos La Comunitat Valenciana ha registrado 212 <a class=\"mh-excerpt-more\" href=\"https:\/\/www.tucomarca.com\/wordpress\/segunda\/sanidad-registra-212-nuevos-casos-de-coronavirus-8-fallecimientos-y-122-altas-en-la-comunitat\/\" title=\"Sanidad registra 212 nuevos casos de coronavirus, 8 fallecimientos y 122 altas en la Comunitat\">[+] <\/a><\/div>\n","protected":false},"author":1,"featured_media":123778,"comment_status":"open","ping_status":"open","sticky":false,"template":"","format":"standard","meta":{"footnotes":""},"categories":[119,12201,128,8,72,117,142,3,116,45],"tags":[11937,11938,2142],"class_list":{"0":"post-130215","1":"post","2":"type-post","3":"status-publish","4":"format-standard","5":"has-post-thumbnail","7":"category-sanidad-la-comarca","8":"category-covid-19","9":"category-infraestructuras","10":"category-la-comarca","11":"category-sin-categorizar","12":"category-medio-ambiente-la-comarca","13":"category-politica-la-comarca","14":"category-seccion","15":"category-sucesos-la-comarca","16":"category-ventana","17":"tag-coronavirus","18":"tag-covid-19","19":"tag-la-comunitat"},"_links":{"self":[{"href":"https:\/\/www.tucomarca.com\/wordpress\/segunda\/wp-json\/wp\/v2\/posts\/130215","targetHints":{"allow":["GET"]}}],"collection":[{"href":"https:\/\/www.tucomarca.com\/wordpress\/segunda\/wp-json\/wp\/v2\/posts"}],"about":[{"href":"https:\/\/www.tucomarca.com\/wordpress\/segunda\/wp-json\/wp\/v2\/types\/post"}],"author":[{"embeddable":true,"href":"https:\/\/www.tucomarca.com\/wordpress\/segunda\/wp-json\/wp\/v2\/users\/1"}],"replies":[{"embeddable":true,"href":"https:\/\/www.tucomarca.com\/wordpress\/segunda\/wp-json\/wp\/v2\/comments?post=130215"}],"version-history":[{"count":0,"href":"https:\/\/www.tucomarca.com\/wordpress\/segunda\/wp-json\/wp\/v2\/posts\/130215\/revisions"}],"wp:featuredmedia":[{"embeddable":true,"href":"https:\/\/www.tucomarca.com\/wordpress\/segunda\/wp-json\/wp\/v2\/media\/123778"}],"wp:attachment":[{"href":"https:\/\/www.tucomarca.com\/wordpress\/segunda\/wp-json\/wp\/v2\/media?parent=130215"}],"wp:term":[{"taxonomy":"category","embeddable":true,"href":"https:\/\/www.tucomarca.com\/wordpress\/segunda\/wp-json\/wp\/v2\/categories?post=130215"},{"taxonomy":"post_tag","embeddable":true,"href":"https:\/\/www.tucomarca.com\/wordpress\/segunda\/wp-json\/wp\/v2\/tags?post=130215"}],"curies":[{"name":"wp","href":"https:\/\/api.w.org\/{rel}","templated":true}]}}