{"id":130522,"date":"2021-04-09T09:45:00","date_gmt":"2021-04-09T08:45:00","guid":{"rendered":"http:\/\/www.tucomarca.com\/wordpress\/segunda\/?p=130522"},"modified":"2021-04-09T13:16:01","modified_gmt":"2021-04-09T12:16:01","slug":"el-femenino-amateur-de-futbol-de-cheste-lider-en-su-grupo-tras-la-vuelta-a-la-competicion","status":"publish","type":"post","link":"https:\/\/www.tucomarca.com\/wordpress\/segunda\/el-femenino-amateur-de-futbol-de-cheste-lider-en-su-grupo-tras-la-vuelta-a-la-competicion\/","title":{"rendered":"El Femenino Amateur de f\u00fatbol de Cheste, l\u00edder en su grupo tras la vuelta a la competici\u00f3n"},"content":{"rendered":"\n<p>Con la reanudaci\u00f3n de la liga, despu\u00e9s del par\u00f3n ocasionado por la pandemia, el equipo Femenino Amateur de Cheste ha vuelto a competir y ya se ha posicionado como l\u00edder de su grupo, junto al Sporting de Manises.<\/p>\n\n\n\n<p>\u201cEl equipo se encuentra en una buena situaci\u00f3n para afrontar la fase final\u201d, asegura el director de la EDM de f\u00fatbol, Vicente Garc\u00eda. \u201cEl objetivo de formar y consolidar el equipo femenino se est\u00e1 viendo cumplido gracias al compromiso y esfuerzo de todas las jugadoras y del cuerpo t\u00e9cnico. Adem\u00e1s, el apoyo y el respaldo de diferentes entidades locales est\u00e1 siendo muy importante para que este proyecto siga adelante; por lo que agradecemos a PVH, SPB, Pulverizadores Fede, Caja Rural de Cheste, a Atm\u00f3sfera Sport y al Ayuntamiento su implicaci\u00f3n con el equipo\u201d.<\/p>\n\n\n\n<p>El concejal de Deportes, Francisco Llorens, ha puesto en valor el trabajo de escuela de f\u00fatbol femenino. \u201cEl amateur est\u00e1 en lo alto de clasificaci\u00f3n y las cadetes est\u00e1n compitiendo con equipos tan potentes como el Levante o el Valencia. Nuestra escuela es un referente en la comarca, vienen chicas de otros pueblos a entrenar aqu\u00ed, ya que hay tres categor\u00edas que dan cabida a futbolistas de todas las edades, y recibimos cada incorporaci\u00f3n con mucha ilusi\u00f3n\u201d, ha apuntado Llorens.<\/p>\n","protected":false},"excerpt":{"rendered":"<div class=\"mh-excerpt\">Con la reanudaci\u00f3n de la liga, despu\u00e9s del par\u00f3n ocasionado por la pandemia, el equipo Femenino Amateur de Cheste ha vuelto a competir y ya se ha posicionado como l\u00edder de su grupo, junto al <a class=\"mh-excerpt-more\" href=\"https:\/\/www.tucomarca.com\/wordpress\/segunda\/el-femenino-amateur-de-futbol-de-cheste-lider-en-su-grupo-tras-la-vuelta-a-la-competicion\/\" title=\"El Femenino Amateur de f\u00fatbol de Cheste, l\u00edder en su grupo tras la vuelta a la competici\u00f3n\">[+] <\/a><\/div>\n","protected":false},"author":1,"featured_media":130523,"comment_status":"open","ping_status":"open","sticky":false,"template":"","format":"standard","meta":{"footnotes":""},"categories":[50,17,6,10,3],"tags":[339,10379,10661,607,5952],"class_list":{"0":"post-130522","1":"post","2":"type-post","3":"status-publish","4":"format-standard","5":"has-post-thumbnail","7":"category-futbol-deportes","8":"category-cheste","9":"category-deportes","10":"category-la-hoya","11":"category-seccion","12":"tag-cheste-2","13":"tag-deportes","14":"tag-esports","15":"tag-femenino","16":"tag-la-hoya-de-bunol-chiva"},"_links":{"self":[{"href":"https:\/\/www.tucomarca.com\/wordpress\/segunda\/wp-json\/wp\/v2\/posts\/130522","targetHints":{"allow":["GET"]}}],"collection":[{"href":"https:\/\/www.tucomarca.com\/wordpress\/segunda\/wp-json\/wp\/v2\/posts"}],"about":[{"href":"https:\/\/www.tucomarca.com\/wordpress\/segunda\/wp-json\/wp\/v2\/types\/post"}],"author":[{"embeddable":true,"href":"https:\/\/www.tucomarca.com\/wordpress\/segunda\/wp-json\/wp\/v2\/users\/1"}],"replies":[{"embeddable":true,"href":"https:\/\/www.tucomarca.com\/wordpress\/segunda\/wp-json\/wp\/v2\/comments?post=130522"}],"version-history":[{"count":0,"href":"https:\/\/www.tucomarca.com\/wordpress\/segunda\/wp-json\/wp\/v2\/posts\/130522\/revisions"}],"wp:featuredmedia":[{"embeddable":true,"href":"https:\/\/www.tucomarca.com\/wordpress\/segunda\/wp-json\/wp\/v2\/media\/130523"}],"wp:attachment":[{"href":"https:\/\/www.tucomarca.com\/wordpress\/segunda\/wp-json\/wp\/v2\/media?parent=130522"}],"wp:term":[{"taxonomy":"category","embeddable":true,"href":"https:\/\/www.tucomarca.com\/wordpress\/segunda\/wp-json\/wp\/v2\/categories?post=130522"},{"taxonomy":"post_tag","embeddable":true,"href":"https:\/\/www.tucomarca.com\/wordpress\/segunda\/wp-json\/wp\/v2\/tags?post=130522"}],"curies":[{"name":"wp","href":"https:\/\/api.w.org\/{rel}","templated":true}]}}