{"id":130560,"date":"2021-04-09T08:58:00","date_gmt":"2021-04-09T07:58:00","guid":{"rendered":"http:\/\/www.tucomarca.com\/wordpress\/segunda\/?p=130560"},"modified":"2021-04-09T23:11:23","modified_gmt":"2021-04-09T22:11:23","slug":"cheste-adapta-el-programa-de-las-fiestas-de-abril-a-la-situacion-de-pandemia","status":"publish","type":"post","link":"https:\/\/www.tucomarca.com\/wordpress\/segunda\/cheste-adapta-el-programa-de-las-fiestas-de-abril-a-la-situacion-de-pandemia\/","title":{"rendered":"Cheste adapta el programa de las fiestas de abril a la situaci\u00f3n de pandemia"},"content":{"rendered":"\n<p>El Ayuntamiento, junto con la Asociaci\u00f3n Musical La Lira, la Pe\u00f1a Taurina y Los Clavarios de la Virgen de La Soledad han confeccionado un programa de actos para celebrar las fiestas de abril de manera simb\u00f3lica, debido a la situaci\u00f3n de pandemia.<\/p>\n\n\n\n<p>\u201cLos actos est\u00e1n pensados para que puedan ser disfrutados por toda la poblaci\u00f3n, teniendo como prioridad la seguridad para reducir el riesgo de contagio al m\u00e1ximo; se trata de recordar las fiestas tal y como eran en tiempos pre-Covid y poner la mirada en el a\u00f1o que viene, cuando seguramente podamos volver a celebrarlas. Este programa de fiestas pretende ser un peque\u00f1o homenaje a la Virgen de la Soledad y a los toros\u201d, ha explicado el concejal de Fiestas, Ra\u00fal Mota.<\/p>\n\n\n\n<p><strong>Programa<\/strong><\/p>\n\n\n\n<p>El pr\u00f3ximo s\u00e1bado, 10 de abril, los Clavarios instalar\u00e1n una imagen de la Virgen de la Soledad en la puerta de la iglesia para que la gente pueda hacer sus ofrendas florales de manera escalonada, evitando aglomeraciones. El domingo, 11 de abril, los actos arrancar\u00e1n con el tradicional volteo de campanas en honor a la virgen, a las 8 horas, y la Asociaci\u00f3n Musical La Lira ofrecer\u00e1 un concierto itinerante por las plazas de Cheste a partir de las 12 horas. Para cerrar la jornada, a las 22:30 se tirar\u00e1n las 20 salvas de ordenanza y una palmera de fuegos artificiales que se podr\u00e1n ver desde los balcones y azoteas de la localidad. El martes, 13 de abril, la plaza Doctor Cajal albergar\u00e1 una exposici\u00f3n fotogr\u00e1fica, a cargo de la Pe\u00f1a Taurina, para recordar momentos emblem\u00e1ticos de las fiestas y se instalar\u00e1 un cadafal en alusi\u00f3n a los festejos taurinos.&nbsp;<\/p>\n\n\n\n<p>Los actos culminar\u00e1n el domingo, 18 de abril, con una celebraci\u00f3n alternativa del D\u00eda de la Flor, que contar\u00e1 de nuevo con la participaci\u00f3n de La Lira, con la realizaci\u00f3n de otro concierto en las plazas de la localidad, a las 12 horas; y con un homenaje a los ganaderos en la plaza Doctor Cajal, que ser\u00e1 retransmitido en el programa La hora de Julio Tormo, de La 8 Mediterr\u00e1neo. \u201cAnimamos a la poblaci\u00f3n a que este d\u00eda tan especial decoren sus balcones\u201d, ha apuntado Mota.<\/p>\n","protected":false},"excerpt":{"rendered":"<div class=\"mh-excerpt\">El Ayuntamiento, junto con la Asociaci\u00f3n Musical La Lira, la Pe\u00f1a Taurina y Los Clavarios de la Virgen de La Soledad han confeccionado un programa de actos para celebrar las fiestas de abril de manera <a class=\"mh-excerpt-more\" href=\"https:\/\/www.tucomarca.com\/wordpress\/segunda\/cheste-adapta-el-programa-de-las-fiestas-de-abril-a-la-situacion-de-pandemia\/\" title=\"Cheste adapta el programa de las fiestas de abril a la situaci\u00f3n de pandemia\">[+] <\/a><\/div>\n","protected":false},"author":12,"featured_media":130562,"comment_status":"open","ping_status":"open","sticky":false,"template":"","format":"standard","meta":{"footnotes":""},"categories":[4,17,12201,8,10,7,383,3],"tags":[339,11937,11938,3665,5952,7479],"class_list":{"0":"post-130560","1":"post","2":"type-post","3":"status-publish","4":"format-standard","5":"has-post-thumbnail","7":"category-agenda","8":"category-cheste","9":"category-covid-19","10":"category-la-comarca","11":"category-la-hoya","12":"category-ocio-y-cultura","13":"category-pueblos-en-fiestas","14":"category-seccion","15":"tag-cheste-2","16":"tag-coronavirus","17":"tag-covid-19","18":"tag-fiestas-patronales","19":"tag-la-hoya-de-bunol-chiva","20":"tag-virgen-de-la-soledad"},"_links":{"self":[{"href":"https:\/\/www.tucomarca.com\/wordpress\/segunda\/wp-json\/wp\/v2\/posts\/130560","targetHints":{"allow":["GET"]}}],"collection":[{"href":"https:\/\/www.tucomarca.com\/wordpress\/segunda\/wp-json\/wp\/v2\/posts"}],"about":[{"href":"https:\/\/www.tucomarca.com\/wordpress\/segunda\/wp-json\/wp\/v2\/types\/post"}],"author":[{"embeddable":true,"href":"https:\/\/www.tucomarca.com\/wordpress\/segunda\/wp-json\/wp\/v2\/users\/12"}],"replies":[{"embeddable":true,"href":"https:\/\/www.tucomarca.com\/wordpress\/segunda\/wp-json\/wp\/v2\/comments?post=130560"}],"version-history":[{"count":0,"href":"https:\/\/www.tucomarca.com\/wordpress\/segunda\/wp-json\/wp\/v2\/posts\/130560\/revisions"}],"wp:featuredmedia":[{"embeddable":true,"href":"https:\/\/www.tucomarca.com\/wordpress\/segunda\/wp-json\/wp\/v2\/media\/130562"}],"wp:attachment":[{"href":"https:\/\/www.tucomarca.com\/wordpress\/segunda\/wp-json\/wp\/v2\/media?parent=130560"}],"wp:term":[{"taxonomy":"category","embeddable":true,"href":"https:\/\/www.tucomarca.com\/wordpress\/segunda\/wp-json\/wp\/v2\/categories?post=130560"},{"taxonomy":"post_tag","embeddable":true,"href":"https:\/\/www.tucomarca.com\/wordpress\/segunda\/wp-json\/wp\/v2\/tags?post=130560"}],"curies":[{"name":"wp","href":"https:\/\/api.w.org\/{rel}","templated":true}]}}