{"id":130575,"date":"2021-04-09T08:00:00","date_gmt":"2021-04-09T07:00:00","guid":{"rendered":"http:\/\/www.tucomarca.com\/wordpress\/segunda\/?p=130575"},"modified":"2021-04-09T23:05:19","modified_gmt":"2021-04-09T22:05:19","slug":"balance-positivo-de-la-escuela-de-pascua-de-cheste-2021","status":"publish","type":"post","link":"https:\/\/www.tucomarca.com\/wordpress\/segunda\/balance-positivo-de-la-escuela-de-pascua-de-cheste-2021\/","title":{"rendered":"Balance positivo de la Escuela de Pascua de Cheste 2021"},"content":{"rendered":"\n<p>La escuela de Pascual ha llegado a su fin hoy, con un r\u00e9cord de participaci\u00f3n de 123 ni\u00f1os y ni\u00f1as y un balance positivo, sin incidencias en el cumplimiento del protocolo de seguridad.<\/p>\n\n\n\n<p>\u201cEste a\u00f1o se ha superado la cifra de alumnos y alumnas participantes, por lo que queda patente la necesidad que tienen las familias de conciliar, as\u00ed como la calidad de esta iniciativa\u201d, ha declarado la concejala de Educaci\u00f3n, M\u00aa \u00c1ngeles Llorente. \u201cVamos a seguir haciendo un esfuerzo para poner en marcha esta escuela y la de verano, desplegando los medios necesarios para cumplir con los protocolos sanitarios y crear un ambiente educativo seguro y divertido\u201d.<\/p>\n\n\n\n<p>La escuela ha contado con un cuerpo de quince monitores y monitoras y el alumnado se ha divido en grupos de diez seg\u00fan edades. Tal y como han explicado desde la organizaci\u00f3n, este a\u00f1o la tem\u00e1tica ha sido el cuento de <em>Alicia en Pa\u00eds de las Maravillas<\/em>. \u201cCada d\u00eda hemos empezado la ma\u00f1ana con una din\u00e1mica grupal en la que se ha contado una historia y se ha abierto un debate para reflexionar conjuntamente sobre valores, utilizando recursos como la teatralizaci\u00f3n o la proyecci\u00f3n de materiales audiovisuales. Despu\u00e9s se hac\u00eda un taller de manualidades relacionado con La Pascua y, tras el almuerzo en clase, comenzaban las actividades al aire libre con gimkanas, juegos deportivos cooperativos, entre otras\u201d, ha apuntado la coordinadora de la escuela, Alba Dom\u00e9nech.<\/p>\n\n\n\n<figure class=\"wp-block-gallery columns-2 is-cropped wp-block-gallery-1 is-layout-flex wp-block-gallery-is-layout-flex\"><ul class=\"blocks-gallery-grid\"><li class=\"blocks-gallery-item\"><figure><img loading=\"lazy\" decoding=\"async\" width=\"1024\" height=\"660\" src=\"https:\/\/www.tucomarca.com\/wordpress\/segunda\/wp-content\/uploads\/2021\/04\/5-1024x660.jpg\" alt=\"\" data-id=\"130581\" data-full-url=\"https:\/\/www.tucomarca.com\/wordpress\/segunda\/wp-content\/uploads\/2021\/04\/5.jpg\" data-link=\"https:\/\/www.tucomarca.com\/wordpress\/segunda\/?attachment_id=130581\" class=\"wp-image-130581\" srcset=\"https:\/\/www.tucomarca.com\/wordpress\/segunda\/wp-content\/uploads\/2021\/04\/5-1024x660.jpg 1024w, https:\/\/www.tucomarca.com\/wordpress\/segunda\/wp-content\/uploads\/2021\/04\/5-300x193.jpg 300w, https:\/\/www.tucomarca.com\/wordpress\/segunda\/wp-content\/uploads\/2021\/04\/5-768x495.jpg 768w, https:\/\/www.tucomarca.com\/wordpress\/segunda\/wp-content\/uploads\/2021\/04\/5.jpg 1301w\" sizes=\"auto, (max-width: 1024px) 100vw, 1024px\" \/><\/figure><\/li><li class=\"blocks-gallery-item\"><figure><img loading=\"lazy\" decoding=\"async\" width=\"1408\" height=\"792\" src=\"https:\/\/www.tucomarca.com\/wordpress\/segunda\/wp-content\/uploads\/2021\/04\/6-1024x576.jpg\" alt=\"\" data-id=\"130579\" data-full-url=\"https:\/\/www.tucomarca.com\/wordpress\/segunda\/wp-content\/uploads\/2021\/04\/6.jpg\" data-link=\"https:\/\/www.tucomarca.com\/wordpress\/segunda\/?attachment_id=130579\" class=\"wp-image-130579\" srcset=\"https:\/\/www.tucomarca.com\/wordpress\/segunda\/wp-content\/uploads\/2021\/04\/6-1024x576.jpg 1024w, https:\/\/www.tucomarca.com\/wordpress\/segunda\/wp-content\/uploads\/2021\/04\/6-300x169.jpg 300w, https:\/\/www.tucomarca.com\/wordpress\/segunda\/wp-content\/uploads\/2021\/04\/6-768x432.jpg 768w, https:\/\/www.tucomarca.com\/wordpress\/segunda\/wp-content\/uploads\/2021\/04\/6-678x381.jpg 678w, https:\/\/www.tucomarca.com\/wordpress\/segunda\/wp-content\/uploads\/2021\/04\/6.jpg 1408w\" sizes=\"auto, (max-width: 1408px) 100vw, 1408px\" \/><\/figure><\/li><\/ul><\/figure>\n\n\n\n<p><strong>Escuela segura<\/strong><\/p>\n\n\n\n<p>Las familias han seguido estrictamente los protocolos de seguridad, facilitando las entradas y salidas, en las que se guardaba la distancia, se tomaba la temperatura y se proced\u00eda a la desinfecci\u00f3n de manos. Durante el desarrollo de la escuela los monitores y las monitoras han ofrecido gel hidroalcoh\u00f3lico a la ida y vuelta de los servicios y antes del almuerzo y de la bajada al patio. Los almuerzos se han hecho en las aulas y durante el recreo el patio se ha dividido tambi\u00e9n en grupos con un monitor o monitora responsable de cada uno de ellos.<\/p>\n\n\n\n<p>\u201cLas familias est\u00e1n muy concienciadas en el cumplimiento de las normas y las ni\u00f1as y los ni\u00f1os tienen ya interiorizados los protocolos por lo que no ha habido ning\u00fan incidente\u201d, ha declarado Llorente.<\/p>\n","protected":false},"excerpt":{"rendered":"<div class=\"mh-excerpt\">La escuela de Pascual ha llegado a su fin hoy, con un r\u00e9cord de participaci\u00f3n de 123 ni\u00f1os y ni\u00f1as y un balance positivo, sin incidencias en el cumplimiento del protocolo de seguridad. \u201cEste a\u00f1o <a class=\"mh-excerpt-more\" href=\"https:\/\/www.tucomarca.com\/wordpress\/segunda\/balance-positivo-de-la-escuela-de-pascua-de-cheste-2021\/\" title=\"Balance positivo de la Escuela de Pascua de Cheste 2021\">[+] <\/a><\/div>\n","protected":false},"author":12,"featured_media":130577,"comment_status":"open","ping_status":"open","sticky":false,"template":"","format":"gallery","meta":{"footnotes":""},"categories":[17,128,8,10,7,3],"tags":[339,14156,5952],"class_list":{"0":"post-130575","1":"post","2":"type-post","3":"status-publish","4":"format-gallery","5":"has-post-thumbnail","7":"category-cheste","8":"category-infraestructuras","9":"category-la-comarca","10":"category-la-hoya","11":"category-ocio-y-cultura","12":"category-seccion","13":"tag-cheste-2","14":"tag-escuela-de-pascua-2021","15":"tag-la-hoya-de-bunol-chiva","16":"post_format-post-format-gallery"},"_links":{"self":[{"href":"https:\/\/www.tucomarca.com\/wordpress\/segunda\/wp-json\/wp\/v2\/posts\/130575","targetHints":{"allow":["GET"]}}],"collection":[{"href":"https:\/\/www.tucomarca.com\/wordpress\/segunda\/wp-json\/wp\/v2\/posts"}],"about":[{"href":"https:\/\/www.tucomarca.com\/wordpress\/segunda\/wp-json\/wp\/v2\/types\/post"}],"author":[{"embeddable":true,"href":"https:\/\/www.tucomarca.com\/wordpress\/segunda\/wp-json\/wp\/v2\/users\/12"}],"replies":[{"embeddable":true,"href":"https:\/\/www.tucomarca.com\/wordpress\/segunda\/wp-json\/wp\/v2\/comments?post=130575"}],"version-history":[{"count":0,"href":"https:\/\/www.tucomarca.com\/wordpress\/segunda\/wp-json\/wp\/v2\/posts\/130575\/revisions"}],"wp:featuredmedia":[{"embeddable":true,"href":"https:\/\/www.tucomarca.com\/wordpress\/segunda\/wp-json\/wp\/v2\/media\/130577"}],"wp:attachment":[{"href":"https:\/\/www.tucomarca.com\/wordpress\/segunda\/wp-json\/wp\/v2\/media?parent=130575"}],"wp:term":[{"taxonomy":"category","embeddable":true,"href":"https:\/\/www.tucomarca.com\/wordpress\/segunda\/wp-json\/wp\/v2\/categories?post=130575"},{"taxonomy":"post_tag","embeddable":true,"href":"https:\/\/www.tucomarca.com\/wordpress\/segunda\/wp-json\/wp\/v2\/tags?post=130575"}],"curies":[{"name":"wp","href":"https:\/\/api.w.org\/{rel}","templated":true}]}}