{"id":130598,"date":"2021-04-10T12:00:00","date_gmt":"2021-04-10T11:00:00","guid":{"rendered":"http:\/\/www.tucomarca.com\/wordpress\/segunda\/?p=130598"},"modified":"2021-04-12T12:14:42","modified_gmt":"2021-04-12T11:14:42","slug":"ana-barcelo-es-posible-que-a-partir-de-junio-o-julio-podamos-ver-la-posibilidad-de-algun-tipo-de-celebracion-festiva","status":"publish","type":"post","link":"https:\/\/www.tucomarca.com\/wordpress\/segunda\/ana-barcelo-es-posible-que-a-partir-de-junio-o-julio-podamos-ver-la-posibilidad-de-algun-tipo-de-celebracion-festiva\/","title":{"rendered":"Entrevista. Ana Barcel\u00f3: \u00abEs posible que   a partir de junio o julio podamos ver la posibilidad de alg\u00fan tipo de celebraci\u00f3n festiva\u00bb"},"content":{"rendered":"\n<h4 class=\"wp-block-heading\">Entrevista en exclusiva con la Consellera de Sanidad Universal y Salud P\u00fablica de la Generalitat Valenciana, Ana Barcel\u00f3<\/h4>\n\n\n\n<p><strong>Es la consellera m\u00e1s expuesta en este \u00faltimo a\u00f1o al escrutinio p\u00fablico. La gesti\u00f3n de la crisis sanitaria ha centrado todos los focos medi\u00e1ticos y sociales. En apenas dos meses la Comunitat Valenciana ha pasado de liderar las regiones de Europa con m\u00e1s incidencia a ser la que menos con una tasa de 34,6 casos por 100.000 habitantes.<\/strong><\/p>\n\n\n\n<p>\u2014 <strong>\u00bfTiene usted la sensaci\u00f3n de estar protagonizando la pel\u00edcula \u2018El a\u00f1o que vivimos peligrosamente\u2019? <\/strong><\/p>\n\n\n\n<p>\u2014 Algo as\u00ed. Est\u00e1 claro que en una situaci\u00f3n como \u00e9sta no hay margen para pensar en una misma. Todo lo ocupa esta crisis sanitaria. Las noches y los d\u00edas. Todo el tiempo. La forma de vivir. A todos nos condiciona y nos ha cambiado la vida\u201d.<\/p>\n\n\n\n<p>\u2014 <strong>En lo personal, \u00bfle ha cambiado la vida esta crisis?<\/strong><\/p>\n\n\n\n<p>\u2014 No en el car\u00e1cter o en la forma de pensar pero s\u00ed, como todo el mundo, echo en falta la forma de relacionarme socialmente, con la familia&#8230;<\/p>\n\n\n\n<p>\u2014 <strong>\u00bfC\u00f3mo podemos pasar en apenas dos meses de ser una de las regiones de Europa con una tasa de incidencia m\u00e1s alta y, ahora mismo, con 34,6 casos por 100.00 habitantes, convertirnos en quiz\u00e1s la regi\u00f3n del continente con mejores cifras frente a la pandemia?<\/strong><\/p>\n\n\n\n<p>\u2014 Las cifras actuales son el resultado el esfuerzo colectivo de toda la sociedad valenciana y, tambi\u00e9n, de las consecuencias de un conjunto de medidas que se han aplicado durante todo este tiempo. Recordar que la Comunitat Valenciana lleva cuatro meses de confinamiento perimetral, que hemos cerrado durante un periodo la hosteler\u00eda y la restauraci\u00f3n, que hemos reducido nuestra actividad social, que no se producen eventos multitudinarios, ni actividades que supongan grandes aglomeraciones ni celebraciones festivas. Todo este sacrificio, todo este compromiso de la sociedad valenciana hacia las medidas adoptadas ha sido clave y determinante. Yo estoy muy orgullosa de la respuesta que ha dado la sociedad valenciana y creo que ese sentimiento debe hacerse extensible, tenemos que estar muy orgullosos los valencianos por lo que hemos conseguido entre todos y habernos convertido en la \u00fanica regi\u00f3n de Europa que hoy en d\u00eda presenta estos datos<\/p>\n\n\n\n<p>\u2014 <strong>En todo caso, ahora, todo apunta a que deberemos afrontar la llegada de una cuarta ola, \u00bfen qu\u00e9 situaci\u00f3n exacta nos encontramos?<\/strong> \u2014 Antes del puente de San Jos\u00e9 ya hab\u00edamos implantado las medidas restrictivas. M\u00e1s de 15 d\u00edas despu\u00e9s de esta festividad hemos comprobado como el comportamiento de toda la sociedad valenciana ha sido excelente y hemos superado bien aquella fecha. Ahora, nos faltan los efectos de la Semana Santa, todav\u00eda nos quedan unos d\u00edas para comprobar cu\u00e1les son las consecuencias. Pero, en todo caso, si existiera un repunte de los datos, tenemos un cierto margen de maniobra porque nos hemos situado en cifras muy bajas. Ese margen nos permitir\u00eda adoptar, si fuese necesario, nuevas medidas para frenar la incidencia. Por otro lado, el proceso de vacunaci\u00f3n se est\u00e1 llevando a cabo sin tener tensado nuestro sistema sanitario y esto, sin duda, tambi\u00e9n es positivo.<\/p>\n\n\n\n<p>\u2014 <strong>\u00bfQu\u00e9 mensaje podemos darle a todos aquellos ciudadanos que se han vacunado con la primera dosis de AstraZeneca y, ahora, se ven inmersos en la incertidumbre que se ha creado alrededor de esta marca?<\/strong><\/p>\n\n\n\n<p>\u2014 Creo que no deber\u00edan existir motivos para esa incertidumbre porque todos los controles est\u00e1n funcionando. Y me refiero a que tenemos suficientes mecanismos de vigilancia por parte de expertos y cient\u00edficos que revisan los procesos y efectos que est\u00e1n teniendo las vacunas. Pero, adem\u00e1s, la gente que ha recibido esa primera dosis, como es el caso de los profesionales de los centros docentes, deben tener claro que, en estos momentos, ya disponen de un 76% de protecci\u00f3n seg\u00fan todos los estudios que hemos conocido, y tambi\u00e9n se han convertido en una barrera para que el virus no se siga extendiendo. Veremos si es fundamental que estas personas reciban la segunda dosis o si ser\u00e1 suficiente con la que ya tienen inoculada. Pero, en todo caso, ser\u00e1 una decisi\u00f3n que estar\u00e1 avalada por criterios t\u00e9cnicos y cient\u00edficos. Entiendo que existen mensajes que pueden inducir a la contradicci\u00f3n, pero nosotros somos rigurosos. Estamos en una \u00e9poca en la que todo el mundo opina sobre todos los temas y esa circunstancia puede crear confusi\u00f3n. Lo que yo recomendar\u00eda, siempre, es acudir a las fuentes oficiales, al Ministerio y a las Administraciones.<\/p>\n\n\n\n<p>\u2014 <strong>Con todo lo que est\u00e1 sucediendo respecto al proceso de vacunaci\u00f3n, \u00bfconsidera posible que lleguemos al verano con el 70% de personas inmunizadas?<\/strong><\/p>\n\n\n\n<p>\u2014 El Ministerio de Sanidad dice que s\u00ed. Yo conf\u00edo en esa percepci\u00f3n. Pero s\u00e9 que s\u00f3lo ser\u00e1 posible si el plan de vacunaci\u00f3n se cumple. Soy realista m\u00e1s que optimista. Para que se alcancen los objetivos ha de mantenerse la regularidad en la recepci\u00f3n de las dosis y los compromisos adquiridos por las farmac\u00e9uticas, aspectos que no dependen de nosotros. Con la informaci\u00f3n de la que dispongo ahora puedo decir que s\u00ed, que se alcanzar\u00e1 ese objetivo de tener un 70% de la poblaci\u00f3n vacunada, al menos a finales del verano\u201d.<\/p>\n\n\n\n<p>\u2014 <strong>La pregunta siguiente es consecuencia directa. Si se alcanzan esos objetivos, \u00bfpodremos plantear alg\u00fan tipo de fiestas?&nbsp;<\/strong><\/p>\n\n\n\n<p>\u2014 No podemos anticiparnos porque todo depender\u00e1 de si se alcanza ese 70% de poblaci\u00f3n vacunada. Hay que tener claro que, en estos momentos, est\u00e1 prohibida cualquier tipo de celebraci\u00f3n festiva. Las fiestas significan tener un contacto f\u00edsico, social. Las fiestas son siempre alrededor de mesa y mantel, son comidas y charlas, uni\u00f3n y encuentro. Todos esos elementos que componen nuestras fiestas, todav\u00eda, no son posibles. Todav\u00eda es pronto para augurar que podemos celebrar alg\u00fan tipo de fiestas sin medidas. Vamos a seguir la situaci\u00f3n, a ver c\u00f3mo se desarrolla. Es posible que &nbsp; a partir de junio\/julio podamos ver la posibilidad de alg\u00fan tipo de celebraci\u00f3n festiva. Todo estar\u00e1 en funci\u00f3n de la poblaci\u00f3n que ya tengamos inmunizada, pero quiz\u00e1s podamos plantear cosas. <\/p>\n\n\n\n<p><strong>\u2014 Y para finalizar y ya en el \u00e1mbito espec\u00edfico del interior de la provincia de Valencia, y m\u00e1s concretamente de La Hoya de Bu\u00f1ol-Chiva: \u00bfcu\u00e1ndo arrancar\u00e1n obras del Centro Salud Bu\u00f1ol para convertirlo en centro integrado modelo Villena?<\/strong><\/p>\n\n\n\n<p>\u2014 La ampliaci\u00f3n del Centro de Salud de Bu\u00f1ol est\u00e1 contemplada en el actual plan de infraestructuras para desarrollar actuaciones de mejora de los centros sanitarios que se presentar\u00e1 en breve. Informa, <strong>Santi Sanch\u00eds<\/strong>.<\/p>\n","protected":false},"excerpt":{"rendered":"<div class=\"mh-excerpt\">Entrevista en exclusiva con la Consellera de Sanidad Universal y Salud P\u00fablica de la Generalitat Valenciana, Ana Barcel\u00f3 Es la consellera m\u00e1s expuesta en este \u00faltimo a\u00f1o al escrutinio p\u00fablico. La gesti\u00f3n de la crisis <a class=\"mh-excerpt-more\" href=\"https:\/\/www.tucomarca.com\/wordpress\/segunda\/ana-barcelo-es-posible-que-a-partir-de-junio-o-julio-podamos-ver-la-posibilidad-de-algun-tipo-de-celebracion-festiva\/\" title=\"Entrevista. Ana Barcel\u00f3: \u00abEs posible que   a partir de junio o julio podamos ver la posibilidad de alg\u00fan tipo de celebraci\u00f3n festiva\u00bb\">[+] <\/a><\/div>\n","protected":false},"author":1,"featured_media":130600,"comment_status":"open","ping_status":"open","sticky":false,"template":"","format":"standard","meta":{"footnotes":""},"categories":[49,38,46,119,12201,128,70,8,72,10,42,59,142,3,45],"tags":[11937,11938,2142,5952],"class_list":{"0":"post-130598","1":"post","2":"type-post","3":"status-publish","4":"format-standard","5":"has-post-thumbnail","7":"category-ademuz","8":"category-ayora-cofrentes","9":"category-camp-de-turia","10":"category-sanidad-la-comarca","11":"category-covid-19","12":"category-infraestructuras","13":"category-la-canal-de-navarres","14":"category-la-comarca","15":"category-sin-categorizar","16":"category-la-hoya","17":"category-la-ribera","18":"category-los-serranos","19":"category-politica-la-comarca","20":"category-seccion","21":"category-ventana","22":"tag-coronavirus","23":"tag-covid-19","24":"tag-la-comunitat","25":"tag-la-hoya-de-bunol-chiva"},"_links":{"self":[{"href":"https:\/\/www.tucomarca.com\/wordpress\/segunda\/wp-json\/wp\/v2\/posts\/130598","targetHints":{"allow":["GET"]}}],"collection":[{"href":"https:\/\/www.tucomarca.com\/wordpress\/segunda\/wp-json\/wp\/v2\/posts"}],"about":[{"href":"https:\/\/www.tucomarca.com\/wordpress\/segunda\/wp-json\/wp\/v2\/types\/post"}],"author":[{"embeddable":true,"href":"https:\/\/www.tucomarca.com\/wordpress\/segunda\/wp-json\/wp\/v2\/users\/1"}],"replies":[{"embeddable":true,"href":"https:\/\/www.tucomarca.com\/wordpress\/segunda\/wp-json\/wp\/v2\/comments?post=130598"}],"version-history":[{"count":0,"href":"https:\/\/www.tucomarca.com\/wordpress\/segunda\/wp-json\/wp\/v2\/posts\/130598\/revisions"}],"wp:featuredmedia":[{"embeddable":true,"href":"https:\/\/www.tucomarca.com\/wordpress\/segunda\/wp-json\/wp\/v2\/media\/130600"}],"wp:attachment":[{"href":"https:\/\/www.tucomarca.com\/wordpress\/segunda\/wp-json\/wp\/v2\/media?parent=130598"}],"wp:term":[{"taxonomy":"category","embeddable":true,"href":"https:\/\/www.tucomarca.com\/wordpress\/segunda\/wp-json\/wp\/v2\/categories?post=130598"},{"taxonomy":"post_tag","embeddable":true,"href":"https:\/\/www.tucomarca.com\/wordpress\/segunda\/wp-json\/wp\/v2\/tags?post=130598"}],"curies":[{"name":"wp","href":"https:\/\/api.w.org\/{rel}","templated":true}]}}