{"id":130611,"date":"2021-04-10T09:00:00","date_gmt":"2021-04-10T08:00:00","guid":{"rendered":"http:\/\/www.tucomarca.com\/wordpress\/segunda\/?p=130611"},"modified":"2021-04-12T10:24:44","modified_gmt":"2021-04-12T09:24:44","slug":"una-app-ayuda-a-los-ciudadanos-del-medio-rural-a-incrementar-su-seguridad","status":"publish","type":"post","link":"https:\/\/www.tucomarca.com\/wordpress\/segunda\/una-app-ayuda-a-los-ciudadanos-del-medio-rural-a-incrementar-su-seguridad\/","title":{"rendered":"Una APP ayuda a los ciudadanos del medio rural a incrementar su seguridad"},"content":{"rendered":"\n<p>La Uni\u00f3 de Llauradors informa, que la APP Alert Cops es el servicio de alertas, a trav\u00e9s del del tel\u00e9fono m\u00f3vil, de seguridad ciudadana que las fuerzas y cuerpos de seguridad ponen a disposici\u00f3n de los ciudadanos para atenderles en situaciones de riesgo e&nbsp; incluye los posibles actos de inseguridad en el \u00e1mbito rural. A trav\u00e9s de esta APP, entre otras funciones, los ciudadanos podr\u00e1n enviar alertas con im\u00e1genes o v\u00eddeos (da\u00f1os o matr\u00edculas de veh\u00edculos sospechosos) al centro policial m\u00e1s cercano, comunicarse por chat directamente o avisar a la polic\u00eda ante una urgencia mediante el bot\u00f3n de socorro &#x1f198;. Informa, <strong>Luis Ib\u00e1\u00f1ez<\/strong>.<\/p>\n","protected":false},"excerpt":{"rendered":"<div class=\"mh-excerpt\">La Uni\u00f3 de Llauradors informa, que la APP Alert Cops es el servicio de alertas, a trav\u00e9s del del tel\u00e9fono m\u00f3vil, de seguridad ciudadana que las fuerzas y cuerpos de seguridad ponen a disposici\u00f3n de <a class=\"mh-excerpt-more\" href=\"https:\/\/www.tucomarca.com\/wordpress\/segunda\/una-app-ayuda-a-los-ciudadanos-del-medio-rural-a-incrementar-su-seguridad\/\" title=\"Una APP ayuda a los ciudadanos del medio rural a incrementar su seguridad\">[+] <\/a><\/div>\n","protected":false},"author":1,"featured_media":34746,"comment_status":"open","ping_status":"open","sticky":false,"template":"","format":"standard","meta":{"footnotes":""},"categories":[49,38,46,128,70,8,72,42,59,27,3,116],"tags":[],"class_list":{"0":"post-130611","1":"post","2":"type-post","3":"status-publish","4":"format-standard","5":"has-post-thumbnail","7":"category-ademuz","8":"category-ayora-cofrentes","9":"category-camp-de-turia","10":"category-infraestructuras","11":"category-la-canal-de-navarres","12":"category-la-comarca","13":"category-sin-categorizar","14":"category-la-ribera","15":"category-los-serranos","16":"category-requena-utiel","17":"category-seccion","18":"category-sucesos-la-comarca"},"_links":{"self":[{"href":"https:\/\/www.tucomarca.com\/wordpress\/segunda\/wp-json\/wp\/v2\/posts\/130611","targetHints":{"allow":["GET"]}}],"collection":[{"href":"https:\/\/www.tucomarca.com\/wordpress\/segunda\/wp-json\/wp\/v2\/posts"}],"about":[{"href":"https:\/\/www.tucomarca.com\/wordpress\/segunda\/wp-json\/wp\/v2\/types\/post"}],"author":[{"embeddable":true,"href":"https:\/\/www.tucomarca.com\/wordpress\/segunda\/wp-json\/wp\/v2\/users\/1"}],"replies":[{"embeddable":true,"href":"https:\/\/www.tucomarca.com\/wordpress\/segunda\/wp-json\/wp\/v2\/comments?post=130611"}],"version-history":[{"count":0,"href":"https:\/\/www.tucomarca.com\/wordpress\/segunda\/wp-json\/wp\/v2\/posts\/130611\/revisions"}],"wp:featuredmedia":[{"embeddable":true,"href":"https:\/\/www.tucomarca.com\/wordpress\/segunda\/wp-json\/wp\/v2\/media\/34746"}],"wp:attachment":[{"href":"https:\/\/www.tucomarca.com\/wordpress\/segunda\/wp-json\/wp\/v2\/media?parent=130611"}],"wp:term":[{"taxonomy":"category","embeddable":true,"href":"https:\/\/www.tucomarca.com\/wordpress\/segunda\/wp-json\/wp\/v2\/categories?post=130611"},{"taxonomy":"post_tag","embeddable":true,"href":"https:\/\/www.tucomarca.com\/wordpress\/segunda\/wp-json\/wp\/v2\/tags?post=130611"}],"curies":[{"name":"wp","href":"https:\/\/api.w.org\/{rel}","templated":true}]}}