{"id":130613,"date":"2021-04-12T02:00:00","date_gmt":"2021-04-12T01:00:00","guid":{"rendered":"http:\/\/www.tucomarca.com\/wordpress\/segunda\/?p=130613"},"modified":"2021-04-12T10:17:22","modified_gmt":"2021-04-12T09:17:22","slug":"la-comunitat-valenciana-administrara-mas-de-213-000-dosis-durante-esta-semana","status":"publish","type":"post","link":"https:\/\/www.tucomarca.com\/wordpress\/segunda\/la-comunitat-valenciana-administrara-mas-de-213-000-dosis-durante-esta-semana\/","title":{"rendered":"La Comunitat Valenciana administrar\u00e1 m\u00e1s de 213.000 dosis durante esta semana"},"content":{"rendered":"\n<p><strong>106.750 vacunas de Pfizer ir\u00e1n destinadas a las personas nacidas entre 1942 y 1946 y 70.000 dosis de AstraZeneca se destinar\u00e1n a personas nacidas entre 1956 y 1958<\/strong><\/p>\n\n\n\n<p><strong>Barcel\u00f3: \u00abEl paulatino incremento de la llegada de vacunas nos est\u00e1 permitiendo estar por encima de las 200.000 dosis semanales\u00bb<\/strong><\/p>\n\n\n\n<p>La Conselleria de Sanidad Universal y Salud P\u00fablica tiene previsto administrar la semana pr\u00f3xima 213.834 dosis de las vacunas de Pfizer, Moderna y AstraZeneca. La mayor parte de estas dosis ir\u00e1n destinadas a las personas nacidas entre los a\u00f1os 1942 y 1946 (106.750 dosis de Pfizer) y entre los a\u00f1os 1956 y 1958 (70.000 dosis de AstraZeneca).&nbsp;<\/p>\n\n\n\n<p>Otras 17.000 dosis, en este caso de Moderna, se destinar\u00e1n a personas con condiciones de riesgo y servicios de medicina preventiva. El resto, hasta completar el total, son segundas dosis que corresponden a esa semana y a peque\u00f1os grupos que quedaban pendientes de colectivos que ya han sido vacunados y que ten\u00edan infecciones activas o que son nuevos ingresos.&nbsp;<\/p>\n\n\n\n<p>En el caso de los colectivos de las franjas de edad que se van incorporando al plan de vacunaci\u00f3n, es muy importante destacar que no deben acudir al punto de vacunaci\u00f3n si no tienen el SMS o una llamada telef\u00f3nica de citaci\u00f3n.<\/p>\n\n\n\n<p>La consellera de Sanidad Universal, Ana Barcel\u00f3, ha destacado que esta previsi\u00f3n de administrar m\u00e1s de 200.000 dosis semanales \u00abnos acerca al objetivo de inmunizar al 70 % de valencianos y valencianas al finalizar el verano, una posibilidad que se debe \u00abal paulatino incremento de los viales que nos est\u00e1n llegando cada semana\u00bb.&nbsp;<\/p>\n\n\n\n<p>Barcel\u00f3 tambi\u00e9n se ha mostrado satisfecha de c\u00f3mo est\u00e1 transcurriendo el proceso de vacunaci\u00f3n, ya que \u00abla colaboraci\u00f3n de los ciudadanos y ciudadanas y el esfuerzo de los equipos sanitarios est\u00e1n permitiendo que una planificaci\u00f3n tan compleja funcione con normalidad\u00bb.<\/p>\n\n\n\n<p>La consellera ha recordado que todas las vacunas que se est\u00e1n administrando tienen un alto porcentaje de efectividad que, \u00aben todos los casos, supera los m\u00ednimos riesgos que, como cualquier medicamento, tienen\u00bb. La consellera, que ser\u00e1 vacunada en su grupo de edad esta pr\u00f3xima semana con AstraZeneca, ha \u00abanimado a toda la ciudadan\u00eda a vacunarse, tanto por evitar la infecci\u00f3n como por proteger al resto de la poblaci\u00f3n\u00bb.<\/p>\n","protected":false},"excerpt":{"rendered":"<div class=\"mh-excerpt\">106.750 vacunas de Pfizer ir\u00e1n destinadas a las personas nacidas entre 1942 y 1946 y 70.000 dosis de AstraZeneca se destinar\u00e1n a personas nacidas entre 1956 y 1958 Barcel\u00f3: \u00abEl paulatino incremento de la llegada <a class=\"mh-excerpt-more\" href=\"https:\/\/www.tucomarca.com\/wordpress\/segunda\/la-comunitat-valenciana-administrara-mas-de-213-000-dosis-durante-esta-semana\/\" title=\"La Comunitat Valenciana administrar\u00e1 m\u00e1s de 213.000 dosis durante esta semana\">[+] <\/a><\/div>\n","protected":false},"author":1,"featured_media":127641,"comment_status":"open","ping_status":"open","sticky":false,"template":"","format":"standard","meta":{"footnotes":""},"categories":[119,12201,128,8,72,117,142,3,116,45],"tags":[11937,11938,2142,1973],"class_list":{"0":"post-130613","1":"post","2":"type-post","3":"status-publish","4":"format-standard","5":"has-post-thumbnail","7":"category-sanidad-la-comarca","8":"category-covid-19","9":"category-infraestructuras","10":"category-la-comarca","11":"category-sin-categorizar","12":"category-medio-ambiente-la-comarca","13":"category-politica-la-comarca","14":"category-seccion","15":"category-sucesos-la-comarca","16":"category-ventana","17":"tag-coronavirus","18":"tag-covid-19","19":"tag-la-comunitat","20":"tag-vacunacion"},"_links":{"self":[{"href":"https:\/\/www.tucomarca.com\/wordpress\/segunda\/wp-json\/wp\/v2\/posts\/130613","targetHints":{"allow":["GET"]}}],"collection":[{"href":"https:\/\/www.tucomarca.com\/wordpress\/segunda\/wp-json\/wp\/v2\/posts"}],"about":[{"href":"https:\/\/www.tucomarca.com\/wordpress\/segunda\/wp-json\/wp\/v2\/types\/post"}],"author":[{"embeddable":true,"href":"https:\/\/www.tucomarca.com\/wordpress\/segunda\/wp-json\/wp\/v2\/users\/1"}],"replies":[{"embeddable":true,"href":"https:\/\/www.tucomarca.com\/wordpress\/segunda\/wp-json\/wp\/v2\/comments?post=130613"}],"version-history":[{"count":0,"href":"https:\/\/www.tucomarca.com\/wordpress\/segunda\/wp-json\/wp\/v2\/posts\/130613\/revisions"}],"wp:featuredmedia":[{"embeddable":true,"href":"https:\/\/www.tucomarca.com\/wordpress\/segunda\/wp-json\/wp\/v2\/media\/127641"}],"wp:attachment":[{"href":"https:\/\/www.tucomarca.com\/wordpress\/segunda\/wp-json\/wp\/v2\/media?parent=130613"}],"wp:term":[{"taxonomy":"category","embeddable":true,"href":"https:\/\/www.tucomarca.com\/wordpress\/segunda\/wp-json\/wp\/v2\/categories?post=130613"},{"taxonomy":"post_tag","embeddable":true,"href":"https:\/\/www.tucomarca.com\/wordpress\/segunda\/wp-json\/wp\/v2\/tags?post=130613"}],"curies":[{"name":"wp","href":"https:\/\/api.w.org\/{rel}","templated":true}]}}