{"id":13137,"date":"2013-04-11T10:33:21","date_gmt":"2013-04-11T09:33:21","guid":{"rendered":"http:\/\/www.tucomarca.com\/wordpress\/segunda\/?p=13137"},"modified":"2013-04-11T10:33:21","modified_gmt":"2013-04-11T09:33:21","slug":"el-ayuntamiento-de-vilamarxant-se-adhiere-a-un-convenio-para-la-mediacion-en-casos-de-desahucio","status":"publish","type":"post","link":"https:\/\/www.tucomarca.com\/wordpress\/segunda\/el-ayuntamiento-de-vilamarxant-se-adhiere-a-un-convenio-para-la-mediacion-en-casos-de-desahucio\/","title":{"rendered":"El Ayuntamiento de Vilamarxant se adhiere a un convenio para la mediaci\u00f3n en casos de desahucio"},"content":{"rendered":"<p>El Ayuntamiento de Vilamarxant se ha sumado a la iniciativa de la Diputaci\u00f3n de Valencia para prestar mediaci\u00f3n en casos de desahucios. El Consistorio se adherido al convenio de colaboraci\u00f3n suscrito entre la Diputaci\u00f3n y el Ilustre Colegio de Abogados de Valencia (ICAV), para la prestaci\u00f3n de los servicios de asesoramiento jur\u00eddico, mediaci\u00f3n, intermediaci\u00f3n y negociaci\u00f3n sobre pr\u00e9stamos y arrendamientos relativos a la vivienda habitual.<\/p>\n<p>Los vecinos de Vilamarxant que tengan alguna problem\u00e1tica jur\u00eddica, en cuanto a propietarios, usufructuarios, arrendatarios u ocupantes de inmuebles destinados a su propia vivienda habitual, podr\u00e1n solicitar en el Ayuntamiento este servicio de manera gratuita.<\/p>\n<p>Este convenio facilita la mediaci\u00f3n en controversias sobre pr\u00e9stamos y arrendamientos relativos a la vivienda habitual, y tambi\u00e9n la intermediaci\u00f3n entre quienes no pueden pagar los pr\u00e9stamos hipotecarios que contrajeron para financiar la adquisici\u00f3n de su vivienda habitual porque se hallan en el denominado umbral de exclusi\u00f3n, y los bancos y dem\u00e1s entidades acreedoras de esos pr\u00e9stamos.<\/p>\n<p>Las personas en situaci\u00f3n de vulnerabilidad afectadas por un proceso de desahucio podr\u00e1n solicitar asistencia jur\u00eddica para afrontar el mismo y si re\u00fanen las condiciones, pedir su suspensi\u00f3n.<\/p>\n<p>El alcalde de Vilamarxant, Vicente Betoret ha destacado \u201cla importancia\u201d de este tipo de servicios, mediante los que el Ayuntamiento colabora \u201cpara poder ayudar a los vecinos m\u00e1s desfavorecidos, m\u00e1s si cabe en estos tiempos de complicada situaci\u00f3n econ\u00f3mica\u201d.<\/p>\n<p>Para el primer edil se trata de una \u201cmagn\u00edfica iniciativa\u201d con la que poder ayudar a esas personas que en estos momentos tienen problemas con su vivienda habitual de manera completamente gratuita. \u201cSi podemos ofrecer asesoramiento, evitar la indefensi\u00f3n de nuestros vecinos, as\u00ed como mediar en la resoluci\u00f3n de conflictos; estamos ofreciendo soluciones reales, nuevas oportunidades y alternativas a los vecinos que m\u00e1s lo necesitan\u201d, ha aseverado Betoret.<\/p>\n<p>Finalmente el dirigente municipal ha recordado que desde el Ayuntamiento tambi\u00e9n se est\u00e1 trabajando en una nueva iniciativa de alquileres sociales, \u201ccon la que poder ayudar a  aquellas personas que tienen dificultades de acceso a una vivienda\u201d. \u201cEl bienestar de nuestros vecinos es nuestra principal meta\u201d ha concluido el alcalde.<\/p>\n","protected":false},"excerpt":{"rendered":"<div class=\"mh-excerpt\">El Ayuntamiento de Vilamarxant se ha sumado a la iniciativa de la Diputaci\u00f3n de Valencia para prestar mediaci\u00f3n en casos de desahucios. El Consistorio se adherido al convenio de colaboraci\u00f3n suscrito entre la Diputaci\u00f3n y <a class=\"mh-excerpt-more\" href=\"https:\/\/www.tucomarca.com\/wordpress\/segunda\/el-ayuntamiento-de-vilamarxant-se-adhiere-a-un-convenio-para-la-mediacion-en-casos-de-desahucio\/\" title=\"El Ayuntamiento de Vilamarxant se adhiere a un convenio para la mediaci\u00f3n en casos de desahucio\">[+] <\/a><\/div>\n","protected":false},"author":2,"featured_media":0,"comment_status":"open","ping_status":"open","sticky":false,"template":"","format":"standard","meta":{"footnotes":""},"categories":[46,8,3,184],"tags":[831,10439],"class_list":{"0":"post-13137","1":"post","2":"type-post","3":"status-publish","4":"format-standard","6":"category-camp-de-turia","7":"category-la-comarca","8":"category-seccion","9":"category-vilamarxant","10":"tag-deshaucios","11":"tag-vilamarxant"},"_links":{"self":[{"href":"https:\/\/www.tucomarca.com\/wordpress\/segunda\/wp-json\/wp\/v2\/posts\/13137","targetHints":{"allow":["GET"]}}],"collection":[{"href":"https:\/\/www.tucomarca.com\/wordpress\/segunda\/wp-json\/wp\/v2\/posts"}],"about":[{"href":"https:\/\/www.tucomarca.com\/wordpress\/segunda\/wp-json\/wp\/v2\/types\/post"}],"author":[{"embeddable":true,"href":"https:\/\/www.tucomarca.com\/wordpress\/segunda\/wp-json\/wp\/v2\/users\/2"}],"replies":[{"embeddable":true,"href":"https:\/\/www.tucomarca.com\/wordpress\/segunda\/wp-json\/wp\/v2\/comments?post=13137"}],"version-history":[{"count":0,"href":"https:\/\/www.tucomarca.com\/wordpress\/segunda\/wp-json\/wp\/v2\/posts\/13137\/revisions"}],"wp:attachment":[{"href":"https:\/\/www.tucomarca.com\/wordpress\/segunda\/wp-json\/wp\/v2\/media?parent=13137"}],"wp:term":[{"taxonomy":"category","embeddable":true,"href":"https:\/\/www.tucomarca.com\/wordpress\/segunda\/wp-json\/wp\/v2\/categories?post=13137"},{"taxonomy":"post_tag","embeddable":true,"href":"https:\/\/www.tucomarca.com\/wordpress\/segunda\/wp-json\/wp\/v2\/tags?post=13137"}],"curies":[{"name":"wp","href":"https:\/\/api.w.org\/{rel}","templated":true}]}}