{"id":131397,"date":"2021-04-22T12:00:00","date_gmt":"2021-04-22T11:00:00","guid":{"rendered":"http:\/\/www.tucomarca.com\/wordpress\/segunda\/?p=131397"},"modified":"2021-04-22T12:18:18","modified_gmt":"2021-04-22T11:18:18","slug":"silvia-lopez-el-psoe-lleva-amenazando-con-una-mocion-de-censura-en-godelleta-desde-el-principio-de-la-legislatura-y-aqui-seguimos","status":"publish","type":"post","link":"https:\/\/www.tucomarca.com\/wordpress\/segunda\/silvia-lopez-el-psoe-lleva-amenazando-con-una-mocion-de-censura-en-godelleta-desde-el-principio-de-la-legislatura-y-aqui-seguimos\/","title":{"rendered":"Silvia L\u00f3pez: \u00abEl PSOE lleva amenazando con una moci\u00f3n de censura en Godelleta desde el principio de la legislatura; y aqu\u00ed seguimos\u00bb"},"content":{"rendered":"\n<p>La alcaldesa de Godelleta, Silvia L\u00f3pez, ha respondido a las acusaciones realizadas en la jornada de ayer desde el PSPV-PSOE de la localidad de \u00abruptura\u00bb en el equipo de gobierno municipal \u2014compuesto por 4 concejales del Partido Popular, uno de la Plataforma de Urbanizaciones (PUG) y otro de Ciudadanos\u2014 as\u00ed como al anuncio de una probable moci\u00f3n de censura, realizado por el portavoz del Partido Socialista local, Rafa Fora, que \u00e9ste liderar\u00eda con sus 3 ediles; junto a Esquerra Unida-Comprom\u00eds (que cuenta con 2 concejales) y el edil de Ciudadanos.<\/p>\n\n\n\n<p>La alcaldesa ha recordado que son afirmaciones \u00abnada nuevas, ya que el PSOE lleva desde pr\u00e1cticamente el principio de la legislatura con una moci\u00f3n de censura sobrevolando y amenazando; que no se ha producido y a la que tampoco tenemos miedo. Por lo que aqu\u00ed seguimos\u00bb.<\/p>\n\n\n\n<p>Silvia L\u00f3pez ha remarcado que el equipo de gobierno municipal \u00absigue trabajando, como desde el primer d\u00eda. Y m\u00e1s all\u00e1 de los l\u00f3gicas puntos de vista distintos en algunas cosas o los criterios propios en cada uno de los temas de los que se llevan adelante, seguimos trabajando juntos por el pueblo de Godelleta y por todos sus convecinos\u00bb.<\/p>\n\n\n\n<p>Silvia L\u00f3pez ha querido adem\u00e1s \u00abdesmontar la acusaciones del PSOE de que el pueblo est\u00e1 paralizado y de que no se hace nada desde el equipo de gobierno local: nada m\u00e1s lejos de la realidad. Lo que pasa es que hay cosas que en la situaci\u00f3n que nos encontramos actualmente de pandemia cuestan mucho. Y es que parece que haya algunos que a\u00fan no se han enterado de que estamos padeciendo la peor pandemia de los \u00faltimos siglos y que eso afecta de enorme manera a cualquier iniciativa o proyecto que se quiera sacar adelante. Pero no aqu\u00ed, en todos los Ayuntamientos y en todo el mundo. Y esto afecta tambi\u00e9n a la burocracia que hay en la Administraci\u00f3n p\u00fablica. Aunque no hay m\u00e1s ciego del que no quiere ver\u00bb.<\/p>\n\n\n\n<p>\u00abNuestra intenci\u00f3n es continuar trabajando en la misma l\u00ednea, los mismos socios de gobierno para llevar a cabo nuestro acuerdo\u00bb, ha finalizado la alcaldesa.<\/p>\n","protected":false},"excerpt":{"rendered":"<div class=\"mh-excerpt\">La alcaldesa de Godelleta, Silvia L\u00f3pez, ha respondido a las acusaciones realizadas en la jornada de ayer desde el PSPV-PSOE de la localidad de \u00abruptura\u00bb en el equipo de gobierno municipal \u2014compuesto por 4 concejales <a class=\"mh-excerpt-more\" href=\"https:\/\/www.tucomarca.com\/wordpress\/segunda\/silvia-lopez-el-psoe-lleva-amenazando-con-una-mocion-de-censura-en-godelleta-desde-el-principio-de-la-legislatura-y-aqui-seguimos\/\" title=\"Silvia L\u00f3pez: \u00abEl PSOE lleva amenazando con una moci\u00f3n de censura en Godelleta desde el principio de la legislatura; y aqu\u00ed seguimos\u00bb\">[+] <\/a><\/div>\n","protected":false},"author":1,"featured_media":87756,"comment_status":"open","ping_status":"open","sticky":false,"template":"","format":"standard","meta":{"footnotes":""},"categories":[14,128,8,72,10,142,3],"tags":[10383,5952,7279,63],"class_list":{"0":"post-131397","1":"post","2":"type-post","3":"status-publish","4":"format-standard","5":"has-post-thumbnail","7":"category-godelleta","8":"category-infraestructuras","9":"category-la-comarca","10":"category-sin-categorizar","11":"category-la-hoya","12":"category-politica-la-comarca","13":"category-seccion","14":"tag-godelleta","15":"tag-la-hoya-de-bunol-chiva","16":"tag-partido-popular","17":"tag-pp"},"_links":{"self":[{"href":"https:\/\/www.tucomarca.com\/wordpress\/segunda\/wp-json\/wp\/v2\/posts\/131397","targetHints":{"allow":["GET"]}}],"collection":[{"href":"https:\/\/www.tucomarca.com\/wordpress\/segunda\/wp-json\/wp\/v2\/posts"}],"about":[{"href":"https:\/\/www.tucomarca.com\/wordpress\/segunda\/wp-json\/wp\/v2\/types\/post"}],"author":[{"embeddable":true,"href":"https:\/\/www.tucomarca.com\/wordpress\/segunda\/wp-json\/wp\/v2\/users\/1"}],"replies":[{"embeddable":true,"href":"https:\/\/www.tucomarca.com\/wordpress\/segunda\/wp-json\/wp\/v2\/comments?post=131397"}],"version-history":[{"count":0,"href":"https:\/\/www.tucomarca.com\/wordpress\/segunda\/wp-json\/wp\/v2\/posts\/131397\/revisions"}],"wp:featuredmedia":[{"embeddable":true,"href":"https:\/\/www.tucomarca.com\/wordpress\/segunda\/wp-json\/wp\/v2\/media\/87756"}],"wp:attachment":[{"href":"https:\/\/www.tucomarca.com\/wordpress\/segunda\/wp-json\/wp\/v2\/media?parent=131397"}],"wp:term":[{"taxonomy":"category","embeddable":true,"href":"https:\/\/www.tucomarca.com\/wordpress\/segunda\/wp-json\/wp\/v2\/categories?post=131397"},{"taxonomy":"post_tag","embeddable":true,"href":"https:\/\/www.tucomarca.com\/wordpress\/segunda\/wp-json\/wp\/v2\/tags?post=131397"}],"curies":[{"name":"wp","href":"https:\/\/api.w.org\/{rel}","templated":true}]}}