{"id":131446,"date":"2021-04-22T11:59:00","date_gmt":"2021-04-22T10:59:00","guid":{"rendered":"http:\/\/www.tucomarca.com\/wordpress\/segunda\/?p=131446"},"modified":"2021-04-22T21:26:03","modified_gmt":"2021-04-22T20:26:03","slug":"el-ies-ricardo-marin-de-cheste-participa-en-un-proyecto-tecnologico-para-construir-y-configurar-sus-propios-drones","status":"publish","type":"post","link":"https:\/\/www.tucomarca.com\/wordpress\/segunda\/el-ies-ricardo-marin-de-cheste-participa-en-un-proyecto-tecnologico-para-construir-y-configurar-sus-propios-drones\/","title":{"rendered":"El IES Ricardo Mar\u00edn de Cheste participa en un proyecto tecnol\u00f3gico para construir y configurar sus propios drones"},"content":{"rendered":"\n<p>El alumnado de 3\u00ba y 4\u00ba de ESO y de 1\u00ba de Bachillerato del IES Ricardo Mar\u00edn de Cheste est\u00e1 participando en un proyecto tecnol\u00f3gico titulado La Feria A\u00e9rea, financiado por la concejal\u00eda de Educaci\u00f3n del Ayuntamiento y promovido por El Caleidoscopio, una startup de la Universidad Miguel Hern\u00e1ndez de Elche.<\/p>\n\n\n\n<p>A trav\u00e9s de esta iniciativa, los alumnos y las alumnas est\u00e1n aprendiendo a programar y trabajar con alta tecnolog\u00eda, construyendo y configurando su propio drone, a la vez que se conciencian sobre su entorno, ya que la creaci\u00f3n de dicho drone debe tener un fin social o medioambiental. As\u00ed, siguiendo esa premisa, los proyectos que participan en La Feria A\u00e9rea tienen que centrarse en alguna de las siguientes \u00e1reas: Geolog\u00eda y diversidad, mar y contaminaci\u00f3n, clima y energ\u00edas limpias, dieta y alimentaci\u00f3n, vida y salud, historia y patrimonio, ciencias pioneras y futuro.<\/p>\n\n\n\n<p>La actividad se inici\u00f3 el pasado mes de enero con la formaci\u00f3n de los docentes del instituto, con la finalidad de que sea el profesorado de cada centro el encargado de guiar al alumnado a lo largo del desarrollo de este proyecto que llegar\u00e1 a su fin en junio con una exhibici\u00f3n online de los trabajos realizados.<\/p>\n\n\n\n<p>Adem\u00e1s, desde enero, el profesorado contin\u00faa recibiendo clases magistrales online y en directo por parte de profesionales del mundo de la Inteligencia Artificial, como Concha Monje, investigadora espa\u00f1ola especializada en rob\u00f3tica y profesora titular de la Universidad Carlos III de Madrid; del Medio Ambiente, como Andreu Escriv\u00e0, t\u00e9cnico de proyectos en el Observatori del Canvi Clim\u00e0tic de Val\u00e8ncia; o del cine, como Natalia P\u00e9rez Gald\u00f3s, escritora, traductora, fot\u00f3grafa y guionista durante diez a\u00f1os en CANAL+.<\/p>\n\n\n\n<p>No es la primera vez que el IES Ricardo Mar\u00edn participa en alguna de las iniciativas planteadas por El Caleidoscopio, con el apoyo econ\u00f3mico de la concejal\u00eda de Educaci\u00f3n: en cursos anteriores, el alumnado y el profesorado del centro ya se sumaron al proyecto de innovaci\u00f3n MOMO, llev\u00e1ndose un premio en la edici\u00f3n 2019-2020 por la realizaci\u00f3n del cortometraje <em>No lo alimentes, <\/em>sobre reciclaje (<a href=\"http:\/\/elcaleidoscopio.com\/wp\/exhibicion-proyectos-momo\/\">http:\/\/elcaleidoscopio.com\/wp\/exhibicion-proyectos-momo\/<\/a>)&nbsp;<\/p>\n\n\n\n<p>\u201cComo concejala de Educaci\u00f3n considero importante proponer y financiar en los centros educativos actividades transversales, globalizadoras y relacionadas con la realidad que rodea al alumnado\u201d, ha declarado la concejala, M\u00aa \u00c1ngeles Llorente. \u201cLa creaci\u00f3n de estos drones implica un mayor conocimiento de la alta tecnolog\u00eda, pero adem\u00e1s conciencia a los alumnos y alumnas acerca de temas sociales y medioambientales. De esta forma, los valores se convierten en un elemento vinculado al proyecto, haci\u00e9ndolo motivador y dot\u00e1ndolo de la capacidad de abrir los ojos de los y las j\u00f3venes a nuevas realidades y a m\u00faltiples alternativas\u201d.<\/p>\n","protected":false},"excerpt":{"rendered":"<div class=\"mh-excerpt\">El alumnado de 3\u00ba y 4\u00ba de ESO y de 1\u00ba de Bachillerato del IES Ricardo Mar\u00edn de Cheste est\u00e1 participando en un proyecto tecnol\u00f3gico titulado La Feria A\u00e9rea, financiado por la concejal\u00eda de Educaci\u00f3n <a class=\"mh-excerpt-more\" href=\"https:\/\/www.tucomarca.com\/wordpress\/segunda\/el-ies-ricardo-marin-de-cheste-participa-en-un-proyecto-tecnologico-para-construir-y-configurar-sus-propios-drones\/\" title=\"El IES Ricardo Mar\u00edn de Cheste participa en un proyecto tecnol\u00f3gico para construir y configurar sus propios drones\">[+] <\/a><\/div>\n","protected":false},"author":12,"featured_media":131448,"comment_status":"open","ping_status":"open","sticky":false,"template":"","format":"standard","meta":{"footnotes":""},"categories":[17,128,8,10,3],"tags":[339,14424,11578,5952,5296],"class_list":{"0":"post-131446","1":"post","2":"type-post","3":"status-publish","4":"format-standard","5":"has-post-thumbnail","7":"category-cheste","8":"category-infraestructuras","9":"category-la-comarca","10":"category-la-hoya","11":"category-seccion","12":"tag-cheste-2","13":"tag-drones","14":"tag-ies-ricardo-marin","15":"tag-la-hoya-de-bunol-chiva","16":"tag-tecnologia"},"_links":{"self":[{"href":"https:\/\/www.tucomarca.com\/wordpress\/segunda\/wp-json\/wp\/v2\/posts\/131446","targetHints":{"allow":["GET"]}}],"collection":[{"href":"https:\/\/www.tucomarca.com\/wordpress\/segunda\/wp-json\/wp\/v2\/posts"}],"about":[{"href":"https:\/\/www.tucomarca.com\/wordpress\/segunda\/wp-json\/wp\/v2\/types\/post"}],"author":[{"embeddable":true,"href":"https:\/\/www.tucomarca.com\/wordpress\/segunda\/wp-json\/wp\/v2\/users\/12"}],"replies":[{"embeddable":true,"href":"https:\/\/www.tucomarca.com\/wordpress\/segunda\/wp-json\/wp\/v2\/comments?post=131446"}],"version-history":[{"count":0,"href":"https:\/\/www.tucomarca.com\/wordpress\/segunda\/wp-json\/wp\/v2\/posts\/131446\/revisions"}],"wp:featuredmedia":[{"embeddable":true,"href":"https:\/\/www.tucomarca.com\/wordpress\/segunda\/wp-json\/wp\/v2\/media\/131448"}],"wp:attachment":[{"href":"https:\/\/www.tucomarca.com\/wordpress\/segunda\/wp-json\/wp\/v2\/media?parent=131446"}],"wp:term":[{"taxonomy":"category","embeddable":true,"href":"https:\/\/www.tucomarca.com\/wordpress\/segunda\/wp-json\/wp\/v2\/categories?post=131446"},{"taxonomy":"post_tag","embeddable":true,"href":"https:\/\/www.tucomarca.com\/wordpress\/segunda\/wp-json\/wp\/v2\/tags?post=131446"}],"curies":[{"name":"wp","href":"https:\/\/api.w.org\/{rel}","templated":true}]}}